{"id":108996,"date":"2025-10-13T12:54:12","date_gmt":"2025-10-13T12:54:12","guid":{"rendered":"https:\/\/www.europesays.com\/pt\/108996\/"},"modified":"2025-10-13T12:54:12","modified_gmt":"2025-10-13T12:54:12","slug":"producao-de-mortal-kombat-iii-foi-confirmada-na-new-york-comic-con","status":"publish","type":"post","link":"https:\/\/www.europesays.com\/pt\/108996\/","title":{"rendered":"Produ\u00e7\u00e3o de Mortal Kombat III foi confirmada na New York Comic Con"},"content":{"rendered":"<p>\n                        Filme teve a confirma\u00e7\u00e3o feita no evento pelo roteirista Jeremy Slater, meses antes de Mortal Kombat II chegar aos cinemas\n                    <\/p>\n<p><img loading=\"lazy\" decoding=\"async\" alt=\"Produ\u00e7\u00e3o de Mortal Kombat III foi confirmada na New York Comic Con\" class=\"img-d3015bb7c3824e2b900c55acb7439d7an2yg7mtv\" height=\"435\" src=\"https:\/\/www.europesays.com\/pt\/wp-content\/uploads\/2025\/10\/mk211-r1dc08ow7bqv.jpg\"  title=\"Produ\u00e7\u00e3o de Mortal Kombat III foi confirmada na New York Comic Con\" width=\"774\"\/><\/p>\n<p>Produ\u00e7\u00e3o de Mortal Kombat III foi confirmada na New York Comic Con<\/p>\n<p>Foto: Reprodu\u00e7\u00e3o \/ Warner Bros. Pictures<\/p>\n<p class=\"text\">No painel de Mortal Kombat II na New York Comic Con (NYCC), o roteirista Jeremy Slater confirmou que j\u00e1 est\u00e1 trabalhando no roteiro do terceiro filme.<\/p>\n<p class=\"text\">&#8220;Nossos amigos da New Line e da Warner Bros. est\u00e3o t\u00e3o felizes com este filme&#8221;, disse Slater (via <a href=\"https:\/\/x.com\/IGN\/status\/1977136036523155577\" target=\"_blank\" rel=\"nofollow\">IGN<\/a>), que escreveu Mortal Kombat II. &#8220;Eles est\u00e3o t\u00e3o animados, t\u00e3o convencidos de que h\u00e1 uma base de f\u00e3s gigante esperando por ele, que j\u00e1 me contrataram para come\u00e7ar a escrever o pr\u00f3ximo filme.&#8221;<\/p>\n<p class=\"text\">A confirma\u00e7\u00e3o de Mortal Kombat III ocorre v\u00e1rios meses antes do segundo longa chegar aos cinemas. A sequ\u00eancia do filme de 2021 estreia em 16 de maio de 2026, ap\u00f3s ter sido adiada no fim de agosto.<\/p>\n<p class=\"text\">Falando sobre a nova data de estreia na NYCC, o diretor Simon McQuoid disse que o filme foi &#8220;v\u00edtima do seu pr\u00f3prio sucesso&#8221;, algo que ele expressou no trimestre passado ao ver as rea\u00e7\u00f5es \u00e0s exibi\u00e7\u00f5es de teste do filme.<\/p>\n<p class=\"text\">&#8220;Toda vez que as pessoas assistiam a este filme, ele ganhava for\u00e7a&#8221;, disse McQuoid. &#8220;Criamos um grande sucesso de bilheteria. Devemos nos orgulhar do fato de que Mortal Kombat, como filme e franquia, vai estrear no ver\u00e3o do ano que vem. Sim, temos que esperar, mas vai ser um sucesso enorme. \u00c9 por isso.&#8221;<\/p>\n<p class=\"text\">Mortal Kombat II ser\u00e1 focado em Johnny Cage, interpretado pelo ator Karl Urban. Tamb\u00e9m teremos outros personagens da franquia, incluindo nomes como\u00a0Sonya (Jessica McNamee), Jade (Tati Gabrielle), Kitana (Adeline Rudolph), Jax (Mehcad Brooks), Shao Kahn (Martyn Ford), Raiden (Tadanobu Asano), Kano (Josh Lawson), Liu Kang (Ludi Lin), Sindel (Ana Thu Nguyen) e Scorpion (Hiroyuki Sanada).<\/p>\n","protected":false},"excerpt":{"rendered":"Filme teve a confirma\u00e7\u00e3o feita no evento pelo roteirista Jeremy Slater, meses antes de Mortal Kombat II chegar&hellip;\n","protected":false},"author":2,"featured_media":108997,"comment_status":"","ping_status":"","sticky":false,"template":"","format":"standard","meta":{"footnotes":""},"categories":[140],"tags":[114,115,147,148,146,32,33],"class_list":{"0":"post-108996","1":"post","2":"type-post","3":"status-publish","4":"format-standard","5":"has-post-thumbnail","7":"category-filmes","8":"tag-entertainment","9":"tag-entretenimento","10":"tag-film","11":"tag-filmes","12":"tag-movies","13":"tag-portugal","14":"tag-pt"},"share_on_mastodon":{"url":"","error":""},"_links":{"self":[{"href":"https:\/\/www.europesays.com\/pt\/wp-json\/wp\/v2\/posts\/108996","targetHints":{"allow":["GET"]}}],"collection":[{"href":"https:\/\/www.europesays.com\/pt\/wp-json\/wp\/v2\/posts"}],"about":[{"href":"https:\/\/www.europesays.com\/pt\/wp-json\/wp\/v2\/types\/post"}],"author":[{"embeddable":true,"href":"https:\/\/www.europesays.com\/pt\/wp-json\/wp\/v2\/users\/2"}],"replies":[{"embeddable":true,"href":"https:\/\/www.europesays.com\/pt\/wp-json\/wp\/v2\/comments?post=108996"}],"version-history":[{"count":0,"href":"https:\/\/www.europesays.com\/pt\/wp-json\/wp\/v2\/posts\/108996\/revisions"}],"wp:featuredmedia":[{"embeddable":true,"href":"https:\/\/www.europesays.com\/pt\/wp-json\/wp\/v2\/media\/108997"}],"wp:attachment":[{"href":"https:\/\/www.europesays.com\/pt\/wp-json\/wp\/v2\/media?parent=108996"}],"wp:term":[{"taxonomy":"category","embeddable":true,"href":"https:\/\/www.europesays.com\/pt\/wp-json\/wp\/v2\/categories?post=108996"},{"taxonomy":"post_tag","embeddable":true,"href":"https:\/\/www.europesays.com\/pt\/wp-json\/wp\/v2\/tags?post=108996"}],"curies":[{"name":"wp","href":"https:\/\/api.w.org\/{rel}","templated":true}]}}