{"id":108998,"date":"2025-10-13T12:55:08","date_gmt":"2025-10-13T12:55:08","guid":{"rendered":"https:\/\/www.europesays.com\/pt\/108998\/"},"modified":"2025-10-13T12:55:08","modified_gmt":"2025-10-13T12:55:08","slug":"zidane-admira-tres-jogadores-na-atualidade-e-dois-sao-portugueses-2","status":"publish","type":"post","link":"https:\/\/www.europesays.com\/pt\/108998\/","title":{"rendered":"Zidane admira tr\u00eas jogadores na atualidade&#8230; e dois s\u00e3o portugueses"},"content":{"rendered":"<p>Zin\u00e9dine Zidane foi questionado sobre os jogadores em atividade que mais gosta de ver jogar. Escolheu tr\u00eas, sendo dois deles portugueses do <a class=\"autolink-enabled\" data-resource-id=\"295\" data-resource-type=\"team\" data-sport=\"football\" href=\"https:\/\/www.abola.pt\/futebol\/psg-295\" rel=\"nofollow noopener\" target=\"_blank\">PSG<\/a>.<\/p>\n<p>O antigo jogador franc\u00eas foi um dos convidados do Festival Dello Sport, promovido pelo jornal La Gazzetta dello Sport e falou de futebol \u2014 desde a sua inf\u00e2ncia em <a class=\"autolink-enabled\" data-resource-id=\"289\" data-resource-type=\"team\" data-sport=\"football\" href=\"https:\/\/www.abola.pt\/futebol\/marselha-289\" rel=\"nofollow noopener\" target=\"_blank\">Marselha<\/a> at\u00e9 ao desejo de suceder Didier Deschamps como selecionador da equipa de <a class=\"autolink-enabled\" data-resource-id=\"2434\" data-resource-type=\"team\" data-sport=\"football\" href=\"https:\/\/www.abola.pt\/futebol\/franca-2434\" rel=\"nofollow noopener\" target=\"_blank\">Fran\u00e7a<\/a>.<\/p>\n<p>Fora dos bancos desde que deixou o Real Madrid em 2021, Zidane mostrou que continua a acompanhar de perto o que se passa, e n\u00e3o p\u00f4de deixar de destacar Lamine Yamal.<\/p>\n<p>\u00abIndependentemente da posi\u00e7\u00e3o em campo, um jogador que me faz vibrar sempre que toca na bola \u00e9 o <a class=\"autolink-enabled\" data-resource-id=\"278302\" data-resource-type=\"player\" data-sport=\"football\" href=\"https:\/\/www.abola.pt\/futebol\/jogador\/lamine-yamal-278302\" rel=\"nofollow noopener\" target=\"_blank\">Lamine Yamal<\/a>. Na \u00e9poca passada, contra o Inter em San Siro, na Liga dos Campe\u00f5es, fez tudo sozinho\u00bb, elogiou.<\/p>\n<p>Zidane referiu ainda <a class=\"autolink-enabled\" data-resource-id=\"210023\" data-resource-type=\"player\" data-sport=\"football\" href=\"https:\/\/www.abola.pt\/futebol\/jogador\/vitinha-210023\" rel=\"nofollow noopener\" target=\"_blank\">Vitinha<\/a> e <a class=\"autolink-enabled\" data-resource-id=\"254241\" data-resource-type=\"player\" data-sport=\"football\" href=\"https:\/\/www.abola.pt\/futebol\/jogador\/joao-neves-254241\" rel=\"nofollow noopener\" target=\"_blank\">Jo\u00e3o Neves<\/a>, esteios do meio-campo do PSG. \u00abEles nunca perdem a bola\u00bb, resumiu.<\/p>\n<p>Questionado longamente sobre a Juventus, falou sobre o prod\u00edgio turco Kenan Yildiz: \u00abGosto dele, \u00e9 bom, marca golos, mas ainda tem de amadurecer e \u2018ganhar corpo\u2019.\u00bb<\/p>\n","protected":false},"excerpt":{"rendered":"Zin\u00e9dine Zidane foi questionado sobre os jogadores em atividade que mais gosta de ver jogar. Escolheu tr\u00eas, sendo&hellip;\n","protected":false},"author":2,"featured_media":108999,"comment_status":"","ping_status":"","sticky":false,"template":"","format":"standard","meta":{"footnotes":""},"categories":[87],"tags":[135,32,33,134],"class_list":{"0":"post-108998","1":"post","2":"type-post","3":"status-publish","4":"format-standard","5":"has-post-thumbnail","7":"category-desporto","8":"tag-desporto","9":"tag-portugal","10":"tag-pt","11":"tag-sports"},"share_on_mastodon":{"url":"","error":""},"_links":{"self":[{"href":"https:\/\/www.europesays.com\/pt\/wp-json\/wp\/v2\/posts\/108998","targetHints":{"allow":["GET"]}}],"collection":[{"href":"https:\/\/www.europesays.com\/pt\/wp-json\/wp\/v2\/posts"}],"about":[{"href":"https:\/\/www.europesays.com\/pt\/wp-json\/wp\/v2\/types\/post"}],"author":[{"embeddable":true,"href":"https:\/\/www.europesays.com\/pt\/wp-json\/wp\/v2\/users\/2"}],"replies":[{"embeddable":true,"href":"https:\/\/www.europesays.com\/pt\/wp-json\/wp\/v2\/comments?post=108998"}],"version-history":[{"count":0,"href":"https:\/\/www.europesays.com\/pt\/wp-json\/wp\/v2\/posts\/108998\/revisions"}],"wp:featuredmedia":[{"embeddable":true,"href":"https:\/\/www.europesays.com\/pt\/wp-json\/wp\/v2\/media\/108999"}],"wp:attachment":[{"href":"https:\/\/www.europesays.com\/pt\/wp-json\/wp\/v2\/media?parent=108998"}],"wp:term":[{"taxonomy":"category","embeddable":true,"href":"https:\/\/www.europesays.com\/pt\/wp-json\/wp\/v2\/categories?post=108998"},{"taxonomy":"post_tag","embeddable":true,"href":"https:\/\/www.europesays.com\/pt\/wp-json\/wp\/v2\/tags?post=108998"}],"curies":[{"name":"wp","href":"https:\/\/api.w.org\/{rel}","templated":true}]}}