{"id":109000,"date":"2025-10-13T12:56:08","date_gmt":"2025-10-13T12:56:08","guid":{"rendered":"https:\/\/www.europesays.com\/pt\/109000\/"},"modified":"2025-10-13T12:56:08","modified_gmt":"2025-10-13T12:56:08","slug":"municipio-de-araras-secretaria-da-saude-realiza-dia-d-de-vacinacao-no-sabado","status":"publish","type":"post","link":"https:\/\/www.europesays.com\/pt\/109000\/","title":{"rendered":"Munic\u00edpio de Araras &#8211; Secretaria da Sa\u00fade realiza Dia D de vacina\u00e7\u00e3o no s\u00e1bado"},"content":{"rendered":"<p>\n                Campanha Nacional de Multivacina\u00e7\u00e3o tamb\u00e9m acontece durante todo o m\u00eas nas salas de vacina da cidade; crian\u00e7as e adultos tem a oportunidade de atualizar a caderneta de vacina            <\/p>\n<p>\u00a0<\/p>\n<p><img loading=\"lazy\" decoding=\"async\" alt=\"\" height=\"600\" src=\"https:\/\/www.europesays.com\/pt\/wp-content\/uploads\/2025\/10\/20251013122346_13102025_VACINA_site.jpeg\" width=\"800\"\/>&#13;<br \/>\nTodas as vacinas previstas no Calend\u00e1rio Nacional de Vacina\u00e7\u00e3o estar\u00e3o dispon\u00edveis. Foto: Secom\/PMA&#13;<\/p>\n<p>\u00a0<\/p>\n<p>A Secretaria da Sa\u00fade realiza o Dia D de vacina\u00e7\u00e3o no pr\u00f3ximo s\u00e1bado (18), das 8h \u00e0s 13h, em sete unidades de sa\u00fade que estar\u00e3o abertas no S\u00e1bado com Sa\u00fade. No dia todas as vacinas previstas no Calend\u00e1rio Nacional de Vacina\u00e7\u00e3o estar\u00e3o dispon\u00edveis, incluindo imunizantes contra poliomielite e covid-19.<\/p>\n<p>Segundo a pasta, o objetivo \u00e9 imunizar aquelas pessoas que n\u00e3o foram vacinadas contra doen\u00e7as como o HPV, a febre amarela e o sarampo, por exmplo. \u201c\u00c9 muito importante que toda a popula\u00e7\u00e3o participe. Vamos ter o Dia D, mas tamb\u00e9m temos todas as salas de vacina abertas diariamente para atender e imunizar a popula\u00e7\u00e3o\u201d, disse o secret\u00e1rio da Sa\u00fade, Romildo Benedito Borelli.<\/p>\n<p>O Dia D acontece nas seguintes unidades de sa\u00fade:\u00a0UBS Antonio Carlos Fabr\u00edcio, no Jos\u00e9 Ometto I; ESF Dr. Edmundo Ulson, no Pq. Tiradentes; UBS Dr Oswaldo Devitte, no Narciso Gomes; UBS Dr. Enio Vitalli; no Jd. Piratininga; ESF Ant\u00f4nio Sim\u00f5es Pontes, no Jd. Aeroporto; ESF Francisco Nicola Cascelli, no Pq. das \u00c1rvores; Centro de Sa\u00fade Jo\u00e3o Geraldo Noronha, no Jd. Belvedere.<\/p>\n<p>\u00a0<\/p>\n<p><strong>Campanha Nacional de Multivacina\u00e7\u00e3o<\/strong><\/p>\n<p>O Dia D faz parte da Campanha Nacional de Multivacina\u00e7\u00e3o que acontece durante todo o m\u00eas de outubro, com foco em crian\u00e7as e adolescentes menores de 15 anos. O objetivo \u00e9 atualizar a caderneta de vacina\u00e7\u00e3o, com intensifica\u00e7\u00e3o para a vacina contra o HPV, destinada aos jovens de at\u00e9 19 anos.<\/p>\n<p>Por\u00e9m, todas as pessoas podem procurar <a href=\"https:\/\/araras.sp.gov.br\/im\/images\/auto\/20251013123059_Salas_de_vacina_Outubro_2025.pdf\" rel=\"nofollow noopener\" target=\"_blank\"><strong>as salas de vacina<\/strong><\/a> para atualizar o esquema vacinal, caso alguma dose esteja faltando. Voc\u00ea pode consultar sua carteirinha de vacina\u00e7\u00e3o pelo aplicativo <a href=\"https:\/\/meususdigital.saude.gov.br\/\" rel=\"nofollow noopener\" target=\"_blank\">Meu SUS Digital<\/a>. O Minist\u00e9rio da Sa\u00fade tamb\u00e9m far\u00e1 um chamamento, enviando alertas a todos os usu\u00e1rios do aplicativo. A ferramenta est\u00e1 dispon\u00edvel nas vers\u00f5es Web, iOS e Android. Para acessar o Meu SUS Digital, \u00e9 necess\u00e1rio instalar o aplicativo no dispositivo m\u00f3vel ou acessar pelo site. O login \u00e9 realizado por meio da conta pessoal do Gov.br.<\/p>\n<p>\u00a0<\/p>\n<p style=\"text-align:right\">Secom\/Prefeitura de Araras<\/p>\n<p style=\"text-align:right\">Com informa\u00e7\u00f5es do Minist\u00e9rio da Sa\u00fade<\/p>\n","protected":false},"excerpt":{"rendered":"Campanha Nacional de Multivacina\u00e7\u00e3o tamb\u00e9m acontece durante todo o m\u00eas nas salas de vacina da cidade; crian\u00e7as e&hellip;\n","protected":false},"author":2,"featured_media":109001,"comment_status":"","ping_status":"","sticky":false,"template":"","format":"standard","meta":{"footnotes":""},"categories":[86],"tags":[116,32,33,117],"class_list":{"0":"post-109000","1":"post","2":"type-post","3":"status-publish","4":"format-standard","5":"has-post-thumbnail","7":"category-saude","8":"tag-health","9":"tag-portugal","10":"tag-pt","11":"tag-saude"},"share_on_mastodon":{"url":"","error":""},"_links":{"self":[{"href":"https:\/\/www.europesays.com\/pt\/wp-json\/wp\/v2\/posts\/109000","targetHints":{"allow":["GET"]}}],"collection":[{"href":"https:\/\/www.europesays.com\/pt\/wp-json\/wp\/v2\/posts"}],"about":[{"href":"https:\/\/www.europesays.com\/pt\/wp-json\/wp\/v2\/types\/post"}],"author":[{"embeddable":true,"href":"https:\/\/www.europesays.com\/pt\/wp-json\/wp\/v2\/users\/2"}],"replies":[{"embeddable":true,"href":"https:\/\/www.europesays.com\/pt\/wp-json\/wp\/v2\/comments?post=109000"}],"version-history":[{"count":0,"href":"https:\/\/www.europesays.com\/pt\/wp-json\/wp\/v2\/posts\/109000\/revisions"}],"wp:featuredmedia":[{"embeddable":true,"href":"https:\/\/www.europesays.com\/pt\/wp-json\/wp\/v2\/media\/109001"}],"wp:attachment":[{"href":"https:\/\/www.europesays.com\/pt\/wp-json\/wp\/v2\/media?parent=109000"}],"wp:term":[{"taxonomy":"category","embeddable":true,"href":"https:\/\/www.europesays.com\/pt\/wp-json\/wp\/v2\/categories?post=109000"},{"taxonomy":"post_tag","embeddable":true,"href":"https:\/\/www.europesays.com\/pt\/wp-json\/wp\/v2\/tags?post=109000"}],"curies":[{"name":"wp","href":"https:\/\/api.w.org\/{rel}","templated":true}]}}