{"id":109006,"date":"2025-10-13T13:00:22","date_gmt":"2025-10-13T13:00:22","guid":{"rendered":"https:\/\/www.europesays.com\/pt\/109006\/"},"modified":"2025-10-13T13:00:22","modified_gmt":"2025-10-13T13:00:22","slug":"trump-avisa-russia-de-eventual-envio-de-misseis-tomahawk-observador","status":"publish","type":"post","link":"https:\/\/www.europesays.com\/pt\/109006\/","title":{"rendered":"Trump avisa R\u00fassia de eventual envio de m\u00edsseis Tomahawk \u2013 Observador"},"content":{"rendered":"<p>O Presidente norte-americano, Donald Trump, avisou este domingo a R\u00fassia que poder\u00e1 enviar m\u00edsseis de longo alcance Tomahawk para a Ucr\u00e2nia se Moscovo n\u00e3o resolver a guerra em breve. \u201cEu poderia dizer: \u2018Olhem: se esta guerra n\u00e3o for resolvida, vou enviar-lhes m\u00edsseis Tomahawk&#8217;\u201d, afirmou Trump em declara\u00e7\u00f5es aos jornalistas a bordo do Air Force One (avi\u00e3o presidencial), durante a viagem para Israel.<\/p>\n<p>\u201cO Tomahawk \u00e9 uma arma incr\u00edvel, uma arma muito ofensiva. E, honestamente, a R\u00fassia n\u00e3o precisa disso\u201d, prosseguiu. E acrescentou: \u201cPosso dizer-lhes que, se a guerra n\u00e3o for resolvida, podemos muito bem faz\u00ea-lo, podemos n\u00e3o faz\u00ea-lo, mas podemos faz\u00ea-lo. Acho que \u00e9 apropriado mencionar isso\u201d.<\/p>\n<p>Estas declara\u00e7\u00f5es de Trump surgem depois de ter mantido este fim de semana uma nova conversa telef\u00f3nica com o Presidente ucraniano, Volodymyr Zelensky. No s\u00e1bado, Zelensky afirmou que exortou o hom\u00f3logo norte-americano a negociar a paz na Ucr\u00e2nia, durante uma conversa telef\u00f3nica que considerou \u201cmuito positiva e produtiva\u201d.<\/p>\n<p>\u201cFelicitei o Presidente Donald Trump pelo seu sucesso e pelo acordo sobre o M\u00e9dio Oriente que conseguiu alcan\u00e7ar, o que \u00e9 um feito excecional. Se uma guerra pode ser travada numa regi\u00e3o, ent\u00e3o outras guerras tamb\u00e9m podem certamente ser travadas, incluindo a guerra travada pela R\u00fassia\u201d, escreveu Zelensky nas redes sociais.<\/p>\n<p>A 2 de outubro, o Presidente russo alertou que a eventual entrega de m\u00edsseis norte-americanos Tomahawk \u00e0 Ucr\u00e2nia, uma arma que descreveu como poderosa, constitui uma amea\u00e7a para o seu pa\u00eds e ir\u00e1 agravar as rela\u00e7\u00f5es com os Estados Unidos. \u201cJ\u00e1 n\u00e3o \u00e9 t\u00e3o moderna, mas \u00e9 potente e representa uma amea\u00e7a (\u2026). Os Tomahawks podem causar-nos danos? Podem. Mas vamos desenvolver os nossos sistemas de defesa a\u00e9rea. Ser\u00e1 que vai prejudicar as nossas rela\u00e7\u00f5es [com os Estados Unidos], onde h\u00e1 uma luz ao fundo do t\u00fanel? Claro que sim\u201d, disse na ocasi\u00e3o Vladimir Putin.<\/p>\n<p>O vice-presidente norte-americano, JD Vance, j\u00e1 tinha admitido que Washington estava a considerar, pela primeira vez desde o in\u00edcio da invas\u00e3o russa da Ucr\u00e2nia, em fevereiro de 2022, a autoriza\u00e7\u00e3o do envio de m\u00edsseis de precis\u00e3o Tomahawk para a Ucr\u00e2nia.<\/p>\n<p>Estes m\u00edsseis t\u00eam um alcance de 2.500 quil\u00f3metros e deixariam vulner\u00e1veis v\u00e1rios alvos importantes em territ\u00f3rio russo. A Ucr\u00e2nia tem contado com ajuda financeira e em armamento dos aliados ocidentais desde que a R\u00fassia invadiu o pa\u00eds, em 24 de fevereiro de 2022. Os aliados de Kiev tamb\u00e9m t\u00eam decretado san\u00e7\u00f5es contra setores-chave da economia russa para tentar diminuir a capacidade de Moscovo de financiar o esfor\u00e7o de guerra na Ucr\u00e2nia.<\/p>\n","protected":false},"excerpt":{"rendered":"O Presidente norte-americano, Donald Trump, avisou este domingo a R\u00fassia que poder\u00e1 enviar m\u00edsseis de longo alcance Tomahawk&hellip;\n","protected":false},"author":2,"featured_media":109007,"comment_status":"","ping_status":"","sticky":false,"template":"","format":"standard","meta":{"footnotes":""},"categories":[50],"tags":[27,28,445,15,16,1123,14,25,26,21,22,62,12,13,19,20,23,24,17,18,1124,29,30,31,63,64,65],"class_list":{"0":"post-109006","1":"post","2":"type-post","3":"status-publish","4":"format-standard","5":"has-post-thumbnail","7":"category-mundo","8":"tag-breaking-news","9":"tag-breakingnews","10":"tag-europa","11":"tag-featured-news","12":"tag-featurednews","13":"tag-guerra-na-ucru00e2nia","14":"tag-headlines","15":"tag-latest-news","16":"tag-latestnews","17":"tag-main-news","18":"tag-mainnews","19":"tag-mundo","20":"tag-news","21":"tag-noticias","22":"tag-noticias-principais","23":"tag-noticiasprincipais","24":"tag-principais-noticias","25":"tag-principaisnoticias","26":"tag-top-stories","27":"tag-topstories","28":"tag-ucru00e2nia","29":"tag-ultimas","30":"tag-ultimas-noticias","31":"tag-ultimasnoticias","32":"tag-world","33":"tag-world-news","34":"tag-worldnews"},"share_on_mastodon":{"url":"","error":""},"_links":{"self":[{"href":"https:\/\/www.europesays.com\/pt\/wp-json\/wp\/v2\/posts\/109006","targetHints":{"allow":["GET"]}}],"collection":[{"href":"https:\/\/www.europesays.com\/pt\/wp-json\/wp\/v2\/posts"}],"about":[{"href":"https:\/\/www.europesays.com\/pt\/wp-json\/wp\/v2\/types\/post"}],"author":[{"embeddable":true,"href":"https:\/\/www.europesays.com\/pt\/wp-json\/wp\/v2\/users\/2"}],"replies":[{"embeddable":true,"href":"https:\/\/www.europesays.com\/pt\/wp-json\/wp\/v2\/comments?post=109006"}],"version-history":[{"count":0,"href":"https:\/\/www.europesays.com\/pt\/wp-json\/wp\/v2\/posts\/109006\/revisions"}],"wp:featuredmedia":[{"embeddable":true,"href":"https:\/\/www.europesays.com\/pt\/wp-json\/wp\/v2\/media\/109007"}],"wp:attachment":[{"href":"https:\/\/www.europesays.com\/pt\/wp-json\/wp\/v2\/media?parent=109006"}],"wp:term":[{"taxonomy":"category","embeddable":true,"href":"https:\/\/www.europesays.com\/pt\/wp-json\/wp\/v2\/categories?post=109006"},{"taxonomy":"post_tag","embeddable":true,"href":"https:\/\/www.europesays.com\/pt\/wp-json\/wp\/v2\/tags?post=109006"}],"curies":[{"name":"wp","href":"https:\/\/api.w.org\/{rel}","templated":true}]}}