{"id":109008,"date":"2025-10-13T13:03:11","date_gmt":"2025-10-13T13:03:11","guid":{"rendered":"https:\/\/www.europesays.com\/pt\/109008\/"},"modified":"2025-10-13T13:03:11","modified_gmt":"2025-10-13T13:03:11","slug":"dia-das-criancas-famosos-resgatam-registros-da-infancia-ao-celebrarem-data","status":"publish","type":"post","link":"https:\/\/www.europesays.com\/pt\/109008\/","title":{"rendered":"Dia das Crian\u00e7as: famosos resgatam registros da inf\u00e2ncia ao celebrarem data"},"content":{"rendered":"<p class=\"my-5 break-words group-[.isActiveSource]:text-xl\">Diversos famosos resgataram registros neste domingo,<strong class=\"group-[.isActiveSource]:text-xl group-[.isActiveSource]:font-bold\"> dia 12 de outubro<\/strong>, para comemorar o <strong class=\"group-[.isActiveSource]:text-xl group-[.isActiveSource]:font-bold\">Dia das Crian\u00e7as<\/strong>. Al\u00e9m das fotos da inf\u00e2ncia, alguns tamb\u00e9m relembraram os sonhos que conseguiram realizar.<\/p>\n<p class=\"my-5 break-words group-[.isActiveSource]:text-xl\">Durante o dia nost\u00e1lgico, nomes como <strong class=\"group-[.isActiveSource]:text-xl group-[.isActiveSource]:font-bold\">Larissa Manoela, Ana Castela, Paolla Oliveira, Selton Mello<\/strong> e <strong class=\"group-[.isActiveSource]:text-xl group-[.isActiveSource]:font-bold\">L\u00e1zaro Ramos<\/strong> revelaram a apar\u00eancia antiga aos seguidores.<\/p>\n<p class=\"my-5 break-words group-[.isActiveSource]:text-xl\"><strong class=\"group-[.isActiveSource]:text-xl group-[.isActiveSource]:font-bold\">Nicolas Prattes<\/strong>, por exemplo, <a href=\"https:\/\/www.cnnbrasil.com.br\/entretenimento\/nicolas-prattes-em-terra-nostra-saiba-qual-foi-o-papel-do-ator-na-novela\/#:~:text=No%20%C3%BAltimo%20cap%C3%ADtulo%20da%20trama,a%20sua%20estreia%20nas%20telinhas.&amp;text=Com%20apenas%203%20anos%20de,e%20Matteo%20(Thiago%20Lacerda).\" class=\"text-red-600 underline hover:text-red-500 font-medium break-words group-[.isActiveSource]:text-xl\" target=\"_self\" rel=\"nofollow noopener\">recordou sua participa\u00e7\u00e3o na novela &#8220;Terra Nostra&#8221; (1999)<\/a> e motivou as crian\u00e7as a acreditarem em seus sonhos.<\/p>\n<p class=\"my-5 break-words group-[.isActiveSource]:text-xl\">A apresentadora Ang\u00e9lica tamb\u00e9m abriu um \u00e1lbum de fotos da inf\u00e2ncia e recebeu diversos elogios dos f\u00e3s.<\/p>\n<p><strong class=\"group-[.isActiveSource]:text-xl group-[.isActiveSource]:font-bold\">Veja famosos que celebraram a data nas redes sociais:<\/strong><br \/>\nAng\u00e9lica<\/p>\n<blockquote class=\"instagram-media !mx-auto\" style=\"background:#FFF;border:0;border-radius:3px;box-shadow:0 0 1px 0 rgba(0,0,0,0.5),0 1px 10px 0 rgba(0,0,0,0.15);margin:1px;max-width:540px;min-width:326px;padding:0;width:calc(100% - 2px)\" data-instgrm-captioned=\"\" data-instgrm-permalink=\"https:\/\/www.instagram.com\/p\/DPt7YixDmVl\/?utm_source=ig_embed&amp;utm_campaign=loading\" data-instgrm-version=\"14\">\n<\/blockquote>\n<p>Ana Castela<\/p>\n<blockquote class=\"instagram-media !mx-auto\" style=\"background:#FFF;border:0;border-radius:3px;box-shadow:0 0 1px 0 rgba(0,0,0,0.5),0 1px 10px 0 rgba(0,0,0,0.15);margin:1px;max-width:540px;min-width:326px;padding:0;width:calc(100% - 2px)\" data-instgrm-captioned=\"\" data-instgrm-permalink=\"https:\/\/www.instagram.com\/p\/DPtkZmQAED5\/?utm_source=ig_embed&amp;utm_campaign=loading\" data-instgrm-version=\"14\">\n<\/blockquote>\n<p>Larissa Manoela<\/p>\n<blockquote class=\"instagram-media !mx-auto\" style=\"background:#FFF;border:0;border-radius:3px;box-shadow:0 0 1px 0 rgba(0,0,0,0.5),0 1px 10px 0 rgba(0,0,0,0.15);margin:1px;max-width:540px;min-width:326px;padding:0;width:calc(100% - 2px)\" data-instgrm-captioned=\"\" data-instgrm-permalink=\"https:\/\/www.instagram.com\/p\/DPt1z96kXQ7\/?utm_source=ig_embed&amp;utm_campaign=loading\" data-instgrm-version=\"14\">\n<\/blockquote>\n<p>Paolla Oliveira<\/p>\n<blockquote class=\"instagram-media !mx-auto\" style=\"background:#FFF;border:0;border-radius:3px;box-shadow:0 0 1px 0 rgba(0,0,0,0.5),0 1px 10px 0 rgba(0,0,0,0.15);margin:1px;max-width:540px;min-width:326px;padding:0;width:calc(100% - 2px)\" data-instgrm-captioned=\"\" data-instgrm-permalink=\"https:\/\/www.instagram.com\/p\/DPt3cxYDpr1\/?utm_source=ig_embed&amp;utm_campaign=loading\" data-instgrm-version=\"14\">\n<\/blockquote>\n<p>Selton Mello<\/p>\n<blockquote class=\"instagram-media !mx-auto\" style=\"background:#FFF;border:0;border-radius:3px;box-shadow:0 0 1px 0 rgba(0,0,0,0.5),0 1px 10px 0 rgba(0,0,0,0.15);margin:1px;max-width:540px;min-width:326px;padding:0;width:calc(100% - 2px)\" data-instgrm-captioned=\"\" data-instgrm-permalink=\"https:\/\/www.instagram.com\/p\/DPtfYx6AG-w\/?utm_source=ig_embed&amp;utm_campaign=loading\" data-instgrm-version=\"14\">\n<\/blockquote>\n<p>Lucas Leto<\/p>\n<blockquote class=\"instagram-media !mx-auto\" style=\"background:#FFF;border:0;border-radius:3px;box-shadow:0 0 1px 0 rgba(0,0,0,0.5),0 1px 10px 0 rgba(0,0,0,0.15);margin:1px;max-width:540px;min-width:326px;padding:0;width:calc(100% - 2px)\" data-instgrm-captioned=\"\" data-instgrm-permalink=\"https:\/\/www.instagram.com\/p\/DPtpzXnkQmN\/?utm_source=ig_embed&amp;utm_campaign=loading\" data-instgrm-version=\"14\">\n<\/blockquote>\n<p>L\u00e1zaro Ramos<\/p>\n<blockquote class=\"instagram-media !mx-auto\" style=\"background:#FFF;border:0;border-radius:3px;box-shadow:0 0 1px 0 rgba(0,0,0,0.5),0 1px 10px 0 rgba(0,0,0,0.15);margin:1px;max-width:540px;min-width:326px;padding:0;width:calc(100% - 2px)\" data-instgrm-captioned=\"\" data-instgrm-permalink=\"https:\/\/www.instagram.com\/p\/DPt0PDbDoCu\/?utm_source=ig_embed&amp;utm_campaign=loading\" data-instgrm-version=\"14\">\n<\/blockquote>\n<p>Nicolas Prattes<\/p>\n<blockquote class=\"instagram-media !mx-auto\" style=\"background:#FFF;border:0;border-radius:3px;box-shadow:0 0 1px 0 rgba(0,0,0,0.5),0 1px 10px 0 rgba(0,0,0,0.15);margin:1px;max-width:540px;min-width:326px;padding:0;width:calc(100% - 2px)\" data-instgrm-captioned=\"\" data-instgrm-permalink=\"https:\/\/www.instagram.com\/reel\/DPtkFPOgIqK\/?utm_source=ig_embed&amp;utm_campaign=loading\" data-instgrm-version=\"14\">\n<\/blockquote>\n<p><script async src=\"\/\/www.instagram.com\/embed.js\"><\/script><\/p>\n","protected":false},"excerpt":{"rendered":"Diversos famosos resgataram registros neste domingo, dia 12 de outubro, para comemorar o Dia das Crian\u00e7as. Al\u00e9m das&hellip;\n","protected":false},"author":2,"featured_media":109009,"comment_status":"","ping_status":"","sticky":false,"template":"","format":"standard","meta":{"footnotes":""},"categories":[145],"tags":[211,210,114,115,32,33],"class_list":{"0":"post-109008","1":"post","2":"type-post","3":"status-publish","4":"format-standard","5":"has-post-thumbnail","7":"category-celebridades","8":"tag-celebridades","9":"tag-celebrities","10":"tag-entertainment","11":"tag-entretenimento","12":"tag-portugal","13":"tag-pt"},"share_on_mastodon":{"url":"","error":""},"_links":{"self":[{"href":"https:\/\/www.europesays.com\/pt\/wp-json\/wp\/v2\/posts\/109008","targetHints":{"allow":["GET"]}}],"collection":[{"href":"https:\/\/www.europesays.com\/pt\/wp-json\/wp\/v2\/posts"}],"about":[{"href":"https:\/\/www.europesays.com\/pt\/wp-json\/wp\/v2\/types\/post"}],"author":[{"embeddable":true,"href":"https:\/\/www.europesays.com\/pt\/wp-json\/wp\/v2\/users\/2"}],"replies":[{"embeddable":true,"href":"https:\/\/www.europesays.com\/pt\/wp-json\/wp\/v2\/comments?post=109008"}],"version-history":[{"count":0,"href":"https:\/\/www.europesays.com\/pt\/wp-json\/wp\/v2\/posts\/109008\/revisions"}],"wp:featuredmedia":[{"embeddable":true,"href":"https:\/\/www.europesays.com\/pt\/wp-json\/wp\/v2\/media\/109009"}],"wp:attachment":[{"href":"https:\/\/www.europesays.com\/pt\/wp-json\/wp\/v2\/media?parent=109008"}],"wp:term":[{"taxonomy":"category","embeddable":true,"href":"https:\/\/www.europesays.com\/pt\/wp-json\/wp\/v2\/categories?post=109008"},{"taxonomy":"post_tag","embeddable":true,"href":"https:\/\/www.europesays.com\/pt\/wp-json\/wp\/v2\/tags?post=109008"}],"curies":[{"name":"wp","href":"https:\/\/api.w.org\/{rel}","templated":true}]}}