{"id":109020,"date":"2025-10-13T13:10:19","date_gmt":"2025-10-13T13:10:19","guid":{"rendered":"https:\/\/www.europesays.com\/pt\/109020\/"},"modified":"2025-10-13T13:10:19","modified_gmt":"2025-10-13T13:10:19","slug":"irmas-que-descobriram-cancer-de-mama-ao-mesmo-tempo-celebram-fim-do-tratamento-no-hospital-regional-do-sertao-central","status":"publish","type":"post","link":"https:\/\/www.europesays.com\/pt\/109020\/","title":{"rendered":"Irm\u00e3s que descobriram c\u00e2ncer de mama ao mesmo tempo celebram fim do tratamento no Hospital Regional do Sert\u00e3o Central"},"content":{"rendered":"<p>&#13;<br \/>\n        &#13;<br \/>\n            &#13;<br \/>\n&#13;<br \/>\n            &#13;<br \/>\n&#13;<br \/>\n            &#13;<br \/>\n                <a href=\"\">13 de outubro de 2025 &#8211; 10:04<\/a>&#13;<br \/>\n                                      #<a href=\"https:\/\/www.ceara.gov.br\/tag\/de-outubro-a-outubro-rosa\/\" rel=\"tag nofollow noopener\" target=\"_blank\">De outubro a outubro rosa<\/a> #<a href=\"https:\/\/www.ceara.gov.br\/tag\/hospital-regional-do-sertao-central-hrsc\/\" rel=\"tag nofollow noopener\" target=\"_blank\">Hospital Regional do Sert\u00e3o Central (HRSC)<\/a> #<a href=\"https:\/\/www.ceara.gov.br\/tag\/oncologia\/\" rel=\"tag nofollow noopener\" target=\"_blank\">oncologia<\/a> #<a href=\"https:\/\/www.ceara.gov.br\/tag\/saude\/\" rel=\"tag nofollow noopener\" target=\"_blank\">sa\u00fade<\/a> #<a href=\"https:\/\/www.ceara.gov.br\/tag\/sesa\/\" rel=\"tag nofollow noopener\" target=\"_blank\">Sesa<\/a> &#13;<br \/>\n                            &#13;<br \/>\n&#13;<\/p>\n<p> Texto, fotos e v\u00eddeo: Jos\u00e9 Avelino Neto &#8211; Ascom HRSC &#13;<br \/>\n J\u00falio C\u00e9sar Lopes &#8211; HRSC  &#8211; Arte gr\u00e1fica <\/p>\n<p>                &#13;<br \/>\n            &#13;<\/p>\n<p><img fetchpriority=\"high\" decoding=\"async\" class=\"size-full wp-image-297499 aligncenter\" src=\"https:\/\/www.europesays.com\/pt\/wp-content\/uploads\/2025\/10\/arencTopo-de-materia.png\" alt=\"\" width=\"775\" height=\"115\"  \/><\/p>\n<p><img loading=\"lazy\" decoding=\"async\" class=\"size-full wp-image-297500 aligncenter\" src=\"https:\/\/www.europesays.com\/pt\/wp-content\/uploads\/2025\/10\/irmas-HRSC-outubro-rosa.png\" alt=\"\" width=\"775\" height=\"485\"  \/><\/p>\n<p style=\"text-align: center\">Casadas e, at\u00e9 ent\u00e3o, levando suas vidas distintas, o c\u00e2ncer p\u00f4s Luzinete e Benta no mesmo caminho; as duas decidiram encarar o processo juntas, encontrando for\u00e7a uma na outra<\/p>\n<p>Um\u00a0tumor na mama\u00a0marcou a vida de duas irm\u00e3s: Ant\u00f4nia Luzinete do Nascimento e Francisca Benta do Nascimento, moradoras de Solon\u00f3pole. Elas descobriram o c\u00e2ncer praticamente ao mesmo tempo, enfrentaram a doen\u00e7a unidas, trilharam lado a lado o mesmo desafio e receberam o mesmo desfecho: o fim do tratamento e a expectativa da cura.<\/p>\n<p>O tratamento de Luzinete e Benta foi realizado no\u00a0Hospital Regional do Sert\u00e3o Central (HRSC), unidade da\u00a0Secretaria da Sa\u00fade do Cear\u00e1 (Sesa)em Quixeramobim, que h\u00e1 pouco mais de um ano deu in\u00edcio aos atendimentos de oncologia, como parte da estrat\u00e9gia de regionaliza\u00e7\u00e3o do servi\u00e7o pela Rede Sesa. \u201cQuando descobrimos a doen\u00e7a ficamos desesperadas, mas fomos acolhidas nesse hospital com tanto carinho que tudo foi mais leve\u201d, diz Francisca Benta.<\/p>\n<p>Francisca descobriu o c\u00e2ncer em setembro de 2024, ap\u00f3s encontrar um n\u00f3dulo durante um ultrassom que fez no munic\u00edpio onde mora. Ela foi regulada pela secretaria municipal de sa\u00fade para o HRSC, lugar em que iniciou o tratamento. Passado um m\u00eas, foi Luzinete quem recebeu o mesmo diagn\u00f3stico. Ela tamb\u00e9m passou a ser acompanhada no hospital. L\u00e1, uma bi\u00f3psia tamb\u00e9m confirmou o c\u00e2ncer na mama. Desde ent\u00e3o, as duas passaram a ser atendidas pela mesma equipe.<\/p>\n<p style=\"text-align: center\"><img loading=\"lazy\" decoding=\"async\" class=\"aligncenter wp-image-147526\" src=\"https:\/\/www.europesays.com\/pt\/wp-content\/uploads\/2025\/10\/irmas-HRSC-outubro-rosa-5-600x375.png\" alt=\"\" width=\"775\" height=\"485\"\/>Luzinete e Benta foram acompanhadas pela mesma equipe no HRSC<\/p>\n<p><strong>Unidas pelo mesmo desfecho<\/strong><\/p>\n<p>Casadas e at\u00e9 ent\u00e3o levando suas vidas distintas, o c\u00e2ncer p\u00f4s Luzinete e Benta no mesmo caminho, e as duas decidiram encarar o processo juntas, encontrando for\u00e7a uma na outra. \u201cPedimos \u00e0 enfermeira para marcar nossos atendimentos no mesmo dia. Uma servia de companhia para outra, e assim fomos at\u00e9 o fim\u201d, relembra Francisca.<\/p>\n<p>Entre consultas, cirurgias e sess\u00f5es, o apoio de uma para outra e a f\u00e9 foram aliados importantes. \u201cEsse choro \u00e9 de alegria. A gente venceu e hoje est\u00e1 aqui, contando nossas b\u00ean\u00e7\u00e3os\u201d, diz Ant\u00f4nia.<\/p>\n<p style=\"text-align: center\"><img loading=\"lazy\" decoding=\"async\" class=\"aligncenter wp-image-147522\" src=\"https:\/\/www.europesays.com\/pt\/wp-content\/uploads\/2025\/10\/irmas-HRSC-outubro-rosa-3-600x375.png\" alt=\"\" width=\"775\" height=\"485\"\/>Apoio m\u00fatuo, tratamento assertivo e f\u00e9 levaram as irm\u00e3s para o caminho da cura: \u201cEsse choro \u00e9 de alegria: a gente venceu e hoje est\u00e1 aqui, contando nossas b\u00ean\u00e7\u00e3os\u201d<\/p>\n<p>Em julho deste ano, Francisca Benta concluiu o ciclo de quimioterapia e tocou o sino da esperan\u00e7a. Menos de um m\u00eas depois, a irm\u00e3 Luzinete tamb\u00e9m tocava o sino. O toque marcava mais do que o fim de um ciclo: era o s\u00edmbolo, em forma de som, da vit\u00f3ria compartilhada de uma luta travada entre irm\u00e3s.<\/p>\n<p>As duas destacam o papel da equipe do HRSC respons\u00e1vel por tornar o processo mais humano e acolhedor. \u201cO hospital foi um presente de Deus. Fizemos todo esse tratamento perto de casa e nunca pagamos nenhum exame, tudo pelo SUS. Hoje s\u00f3 tenho gratid\u00e3o\u201d, afirma Ant\u00f4nia. Francisca completa: \u201cMesmo nos dias dif\u00edceis, a gente chegava e sempre tinha algu\u00e9m com um sorriso, desde a equipe da recep\u00e7\u00e3o at\u00e9 a equipe da oncologia. Isso fazia toda a diferen\u00e7a\u201d.<\/p>\n<p style=\"text-align: center\"><img loading=\"lazy\" decoding=\"async\" class=\"aligncenter wp-image-147523\" src=\"https:\/\/www.europesays.com\/pt\/wp-content\/uploads\/2025\/10\/irmas-HRSC-outubro-rosa-2-600x375.png\" alt=\"\" width=\"775\" height=\"485\"\/>\u201cA gente chegava e sempre tinha algu\u00e9m com um sorriso\u201d<\/p>\n<p><strong>Servi\u00e7o que muda vidas<\/strong><\/p>\n<p><img loading=\"lazy\" decoding=\"async\" class=\"aligncenter wp-image-147527\" src=\"https:\/\/www.europesays.com\/pt\/wp-content\/uploads\/2025\/10\/fachada-HRSC-600x338.jpeg\" alt=\"\" width=\"775\" height=\"436\"\/><\/p>\n<p>O\u00a0servi\u00e7o de oncologia do HRSC\u00a0iniciou-se em julho de 2024. At\u00e9 o \u00faltimo m\u00eas de outubro, foram 2.785 pacientes j\u00e1 atendidos e 2.332 cirurgias j\u00e1 realizadas. No per\u00edodo, mais de seis mil sess\u00f5es de quimioterapia j\u00e1 foram aplicadas.<\/p>\n<p>Antes, quem morava em um dos 20 munic\u00edpios do Sert\u00e3o Central s\u00f3 encontrava tratamento contra o c\u00e2ncer na capital, o que submetia o paciente a longas viagens, um processo doloroso para quem j\u00e1 acumula as consequ\u00eancias do tratamento oncol\u00f3gico. Agora, com o servi\u00e7o mais pr\u00f3ximo de casa, os usu\u00e1rios garantem mais dignidade, conforto e a chance de renovar as esperan\u00e7as.<\/p>\n<p>Leonardo Oliveira, m\u00e9dico coordenador da oncologia do HRSC, ressalta o reflexo dessa facilidade. \u201cA gente consegue perceber a alegria dos pacientes por poder fazerem o tratamento aqui. Agora, estamos conseguindo antecipar os tratamentos e\u00a0proporcionar mais chances de cura\u201d, explica.<\/p>\n<p>A enfermeira \u00e0 frente do servi\u00e7o, Elaine Lima, completa. Ela enxerga a necessidade de oferecer al\u00e9m de um bom servi\u00e7o, entendendo que cada paciente carrega uma hist\u00f3ria, uma incerteza e muita esperan\u00e7a. \u201cO grande impacto \u00e9 acolher com empatia e caminhar junto ao paciente ao longo do seu tratamento,\u00a0fortalecendo a esperan\u00e7a nessa jornada de cuidado\u201d.<\/p>\n<p style=\"text-align: center\"><img loading=\"lazy\" decoding=\"async\" class=\"aligncenter wp-image-147528\" src=\"https:\/\/www.europesays.com\/pt\/wp-content\/uploads\/2025\/10\/IRMAS-OUTUBRO-ROSA-11-600x450.jpeg\" alt=\"\" width=\"775\" height=\"581\"\/>Elaine Lima: acolher com empatia e caminhar junto ao paciente<\/p>\n<p><strong>De outubro a outubro rosa<\/strong><\/p>\n<p>Desde 2024, a Secretaria promove a campanha \u201cDe outubro a outubro rosa\u201d, com o objetivo de falar sobre autocuidado o ano inteiro e estimular a realiza\u00e7\u00e3o dos exames necess\u00e1rios, al\u00e9m de desmistificar as quest\u00f5es com rela\u00e7\u00e3o \u00e0 mamografia. Durante o m\u00eas, reportagens especiais semanais ir\u00e3o abordar o tema.<\/p>\n<p>&#13;<br \/>\n            &#13;<br \/>\n&#13;<br \/>\n&#13;<\/p>\n","protected":false},"excerpt":{"rendered":"&#13; &#13; &#13; &#13; &#13; &#13; &#13; 13 de outubro de 2025 &#8211; 10:04&#13; #De outubro a outubro&hellip;\n","protected":false},"author":2,"featured_media":109021,"comment_status":"","ping_status":"","sticky":false,"template":"","format":"standard","meta":{"footnotes":""},"categories":[86],"tags":[1222,1218,1221,1220,1217,1224,1223,1225,1219,116,32,33,117],"class_list":{"0":"post-109020","1":"post","2":"type-post","3":"status-publish","4":"format-standard","5":"has-post-thumbnail","7":"category-saude","8":"tag-aplicativo-ceara","9":"tag-aplicativos","10":"tag-atendimento-online","11":"tag-cagece","12":"tag-ceara-app","13":"tag-corona","14":"tag-corona-virus","15":"tag-covid19","16":"tag-detran","17":"tag-health","18":"tag-portugal","19":"tag-pt","20":"tag-saude"},"share_on_mastodon":{"url":"","error":""},"_links":{"self":[{"href":"https:\/\/www.europesays.com\/pt\/wp-json\/wp\/v2\/posts\/109020","targetHints":{"allow":["GET"]}}],"collection":[{"href":"https:\/\/www.europesays.com\/pt\/wp-json\/wp\/v2\/posts"}],"about":[{"href":"https:\/\/www.europesays.com\/pt\/wp-json\/wp\/v2\/types\/post"}],"author":[{"embeddable":true,"href":"https:\/\/www.europesays.com\/pt\/wp-json\/wp\/v2\/users\/2"}],"replies":[{"embeddable":true,"href":"https:\/\/www.europesays.com\/pt\/wp-json\/wp\/v2\/comments?post=109020"}],"version-history":[{"count":0,"href":"https:\/\/www.europesays.com\/pt\/wp-json\/wp\/v2\/posts\/109020\/revisions"}],"wp:featuredmedia":[{"embeddable":true,"href":"https:\/\/www.europesays.com\/pt\/wp-json\/wp\/v2\/media\/109021"}],"wp:attachment":[{"href":"https:\/\/www.europesays.com\/pt\/wp-json\/wp\/v2\/media?parent=109020"}],"wp:term":[{"taxonomy":"category","embeddable":true,"href":"https:\/\/www.europesays.com\/pt\/wp-json\/wp\/v2\/categories?post=109020"},{"taxonomy":"post_tag","embeddable":true,"href":"https:\/\/www.europesays.com\/pt\/wp-json\/wp\/v2\/tags?post=109020"}],"curies":[{"name":"wp","href":"https:\/\/api.w.org\/{rel}","templated":true}]}}