{"id":109026,"date":"2025-10-13T13:14:10","date_gmt":"2025-10-13T13:14:10","guid":{"rendered":"https:\/\/www.europesays.com\/pt\/109026\/"},"modified":"2025-10-13T13:14:10","modified_gmt":"2025-10-13T13:14:10","slug":"relatorio-revela-que-o-mundo-atingiu-o-primeiro-ponto-de-nao-retorno-climatico","status":"publish","type":"post","link":"https:\/\/www.europesays.com\/pt\/109026\/","title":{"rendered":"Relat\u00f3rio revela que o mundo atingiu o primeiro ponto de n\u00e3o retorno clim\u00e1tico"},"content":{"rendered":"<p>O mundo ultrapassou o primeiro de v\u00e1rios \u201cpontos de n\u00e3o retorno\u201d, avisam especialistas, com consequ\u00eancias potencialmente catastr\u00f3ficas para a humanidade e para a natureza, caso n\u00e3o haja uma a\u00e7\u00e3o urgente.<\/p>\n<p>O alerta \u00e9 feito no segundo Relat\u00f3rio <a href=\"https:\/\/global-tipping-points.org\/\" target=\"_blank\" rel=\"noopener nofollow\">Global Tipping Points<\/a> (Pontos de N\u00e3o Retorno), que ser\u00e1 lan\u00e7ado na pr\u00f3xima semana pela WWF Internacional, em parceria com a Universidade de Exeter e outros parceiros cient\u00edficos internacionais, antecedendo a Cimeira COP30, no Brasil.<\/p>\n<p>Este novo relat\u00f3rio, diz a organiza\u00e7\u00e3o ambientalista, revela que os recifes de coral de \u00e1guas quentes \u2013 dos quais dependem quase mil milh\u00f5es de pessoas e cerca de um quarto da vida marinha \u2013 est\u00e3o j\u00e1 a sofrer uma mortalidade generalizada, sinal de que o primeiro ponto de n\u00e3o retorno clim\u00e1tico foi atingido. Mesmo que o aquecimento global seja estabilizado nos 1,5\u00b0C, \u00e9 praticamente certo que os recifes ultrapassem o seu limite t\u00e9rmico, levando \u00e0 perda de recifes em larga escala, a menos que a temperatura global regresse para cerca de 1\u00b0C.<\/p>\n<p>\u201cPequenas \u00e1reas de recifes poder\u00e3o sobreviver e devem ser protegidas com medidas de conserva\u00e7\u00e3o urgentes\u201d, defende a WWF.<\/p>\n<p>O relat\u00f3rio alerta ainda para a imin\u00eancia de outros pontos de n\u00e3o retorno: o colapso da Floresta Amaz\u00f3nica, onde ir\u00e1 realizar-se a COP30, o degelo irrevers\u00edvel das calotas polares e a desestabiliza\u00e7\u00e3o da Circula\u00e7\u00e3o Meridional de Reviravolta do Atl\u00e2ntico (AMOC), uma corrente oce\u00e2nica vital para o clima global.<\/p>\n<p>Explica a WWF que o colapso da AMOC poder\u00e1 ocorrer com menos de 2\u00b0C de aquecimento e ter\u00e1 como consequ\u00eancias invernos mais rigorosos no noroeste da Europa, perturba\u00e7\u00f5es na \u00e9poca de mon\u00e7\u00f5es da \u00c1frica Ocidental e da \u00cdndia, e quebras significativas nos rendimentos agr\u00edcolas em v\u00e1rias regi\u00f5es do mundo, colocando em risco a seguran\u00e7a alimentar global.<\/p>\n<p>A publica\u00e7\u00e3o deste relat\u00f3rio surge num momento cr\u00edtico, com os ministros reunidos nas v\u00e9speras da Cimeira da COP30, no Brasil, salienta a organiza\u00e7\u00e3o. O documento, elaborado por 160 cientistas de 87 institui\u00e7\u00f5es em 23 pa\u00edses, defende que os pa\u00edses devem agir imediatamente para minimizar a ultrapassagem do limite de 1,5\u00b0C, uma vez que cada fra\u00e7\u00e3o de grau e cada ano passado acima desse valor aumentam significativamente o risco de atravessar pontos de n\u00e3o retorno nos sistemas naturais.<\/p>\n<p>Para contrariar este cen\u00e1rio, os autores do relat\u00f3rio defendem a necessidade de desencadear \u201cpontos de viragem positivos\u201d \u2013 como a r\u00e1pida ado\u00e7\u00e3o de tecnologias limpas e solu\u00e7\u00f5es baseadas na natureza.<\/p>\n<p>Estes processos j\u00e1 est\u00e3o em curso em \u00e1reas como as energias solar e e\u00f3lica, a ado\u00e7\u00e3o de ve\u00edculos el\u00e9tricos, o armazenamento em baterias e o uso de bombas de calor, especialmente em mercados-chave. Mudan\u00e7as no consumo e na produ\u00e7\u00e3o podem tamb\u00e9m desencadear pontos de viragem positivos em setores como a alimenta\u00e7\u00e3o, contribuindo para travar a desfloresta\u00e7\u00e3o e restaurar ecossistemas.<\/p>\n<p>\u201cA preocupa\u00e7\u00e3o com as altera\u00e7\u00f5es clim\u00e1ticas est\u00e1 a crescer globalmente \u2013 e mesmo um n\u00famero reduzido de pessoas pode levar a maioria a mudar\u201d, declara a WWF.<\/p>\n<p>\u201cGovernos, empresas, sociedade civil e indiv\u00edduos t\u00eam todos um papel a desempenhar. As pessoas compreendem a necessidade de mudan\u00e7a e apoiam a transi\u00e7\u00e3o para um mundo mais limpo e saud\u00e1vel, desde que essa transi\u00e7\u00e3o seja justa.\u201d<\/p>\n<p>Alice Fonseca, Climate &amp; Policy Officer da WWF Portugal, avan\u00e7a que \u201co que este relat\u00f3rio nos diz \u00e9 que j\u00e1 come\u00e7\u00e1mos a ultrapassar os pontos de n\u00e3o retorno da natureza e do clima\u201d.<\/p>\n<p>\u201cO tempo para agir est\u00e1 realmente a esgotar-se, mas ainda podemos conter os danos. Para isso, \u00e9 necess\u00e1ria uma a\u00e7\u00e3o imediata e decisiva por parte dos l\u00edderes mundiais na COP30 \u2013 para proteger os direitos das pessoas em todo o mundo, j\u00e1 que as metas atuais e contributos de cada pa\u00eds n\u00e3o s\u00e3o suficientes. Mas tamb\u00e9m \u00e9 preciso alavancar pontos de viragem positivos. Restaurar a natureza \u00e9 uma das formas mais poderosas de o fazer, sendo essencial para criar resili\u00eancia, remover carbono da atmosfera e apoiar a subsist\u00eancia das comunidades. Precisamos de acelerar esta e outras transforma\u00e7\u00f5es com a\u00e7\u00f5es coordenadas entre governos, empresas e sociedade civil\u201d, aponta a especialista.<\/p>\n<p>O relat\u00f3rio destaca ainda que os pontos de n\u00e3o retorno representam uma amea\u00e7a distinta das restantes crises ambientais, exigindo uma resposta mais \u00e1gil e inovadora por parte das institui\u00e7\u00f5es. Diz a WWF que as pol\u00edticas atuais n\u00e3o est\u00e3o preparadas para lidar com fen\u00f3menos abruptos e irrevers\u00edveis, pelo que \u00e9 necess\u00e1rio agir com urg\u00eancia, apoiando a transforma\u00e7\u00e3o social e desencadeando \u201cpontos de viragem positivos\u201d, como a ado\u00e7\u00e3o em massa de tecnologias verdes.<\/p>\n","protected":false},"excerpt":{"rendered":"O mundo ultrapassou o primeiro de v\u00e1rios \u201cpontos de n\u00e3o retorno\u201d, avisam especialistas, com consequ\u00eancias potencialmente catastr\u00f3ficas para&hellip;\n","protected":false},"author":2,"featured_media":109027,"comment_status":"","ping_status":"","sticky":false,"template":"","format":"standard","meta":{"footnotes":""},"categories":[50],"tags":[27,28,15,16,14,25,26,21,22,62,12,13,19,20,23,24,17,18,29,30,31,63,64,65],"class_list":{"0":"post-109026","1":"post","2":"type-post","3":"status-publish","4":"format-standard","5":"has-post-thumbnail","7":"category-mundo","8":"tag-breaking-news","9":"tag-breakingnews","10":"tag-featured-news","11":"tag-featurednews","12":"tag-headlines","13":"tag-latest-news","14":"tag-latestnews","15":"tag-main-news","16":"tag-mainnews","17":"tag-mundo","18":"tag-news","19":"tag-noticias","20":"tag-noticias-principais","21":"tag-noticiasprincipais","22":"tag-principais-noticias","23":"tag-principaisnoticias","24":"tag-top-stories","25":"tag-topstories","26":"tag-ultimas","27":"tag-ultimas-noticias","28":"tag-ultimasnoticias","29":"tag-world","30":"tag-world-news","31":"tag-worldnews"},"share_on_mastodon":{"url":"","error":""},"_links":{"self":[{"href":"https:\/\/www.europesays.com\/pt\/wp-json\/wp\/v2\/posts\/109026","targetHints":{"allow":["GET"]}}],"collection":[{"href":"https:\/\/www.europesays.com\/pt\/wp-json\/wp\/v2\/posts"}],"about":[{"href":"https:\/\/www.europesays.com\/pt\/wp-json\/wp\/v2\/types\/post"}],"author":[{"embeddable":true,"href":"https:\/\/www.europesays.com\/pt\/wp-json\/wp\/v2\/users\/2"}],"replies":[{"embeddable":true,"href":"https:\/\/www.europesays.com\/pt\/wp-json\/wp\/v2\/comments?post=109026"}],"version-history":[{"count":0,"href":"https:\/\/www.europesays.com\/pt\/wp-json\/wp\/v2\/posts\/109026\/revisions"}],"wp:featuredmedia":[{"embeddable":true,"href":"https:\/\/www.europesays.com\/pt\/wp-json\/wp\/v2\/media\/109027"}],"wp:attachment":[{"href":"https:\/\/www.europesays.com\/pt\/wp-json\/wp\/v2\/media?parent=109026"}],"wp:term":[{"taxonomy":"category","embeddable":true,"href":"https:\/\/www.europesays.com\/pt\/wp-json\/wp\/v2\/categories?post=109026"},{"taxonomy":"post_tag","embeddable":true,"href":"https:\/\/www.europesays.com\/pt\/wp-json\/wp\/v2\/tags?post=109026"}],"curies":[{"name":"wp","href":"https:\/\/api.w.org\/{rel}","templated":true}]}}