{"id":109041,"date":"2025-10-13T13:26:37","date_gmt":"2025-10-13T13:26:37","guid":{"rendered":"https:\/\/www.europesays.com\/pt\/109041\/"},"modified":"2025-10-13T13:26:37","modified_gmt":"2025-10-13T13:26:37","slug":"joao-ricardo-a-confissao-que-todos-esperavam-ex-casa-dos-segredos-fala-sobre-relacao-com-marcia-soares","status":"publish","type":"post","link":"https:\/\/www.europesays.com\/pt\/109041\/","title":{"rendered":"Jo\u00e3o Ricardo &#8211; A &#8216;confiss\u00e3o&#8217; que todos esperavam! Ex-Casa dos Segredos fala sobre rela\u00e7\u00e3o com M\u00e1rcia Soares"},"content":{"rendered":"<p>Muitos acreditam que <strong>Jo\u00e3o Ricardo<\/strong> e <a href=\"https:\/\/www.novagente.pt\/marcia-soares-incrivel-transformacao-fisica-da-ex-big-brother-em-apenas-3-meses\" rel=\"nofollow noopener\" target=\"_blank\"><strong>M\u00e1rcia Soares<\/strong><\/a> j\u00e1 foram, em algum momento, mais do que amigos. No entanto, em declara\u00e7\u00f5es \u00e0 revista <a href=\"https:\/\/www.tv7dias.pt\/joao-ricardo-solteiro-ex-casa-dos-segredos-abre-o-jogo-sobre-marcia-soares-eis-o-que-revelou\" rel=\"nofollow noopener\" target=\"_blank\">TV7 Dias<\/a>, o ex-concorrente da <strong>Casa dos Segredos 8<\/strong>\u00a0fez quest\u00e3o de esclarecer a verdade sobre a rela\u00e7\u00e3o que mant\u00e9m com a comentadora do canal.<\/p>\n<p>&#8220;Sempre fomos grandes amigos. <strong>Nunca tivemos nada<\/strong>&#8220;, disse \u00e0 referida publica\u00e7\u00e3o o jovem que atualmente assume ter uma &#8220;paix\u00e3o gigante&#8221;\u00a0pelo mundo da televis\u00e3o.<\/p>\n<blockquote>\n<p><strong>Leia ainda: <\/strong>Jo\u00e3o Ricardo <a href=\"https:\/\/www.novagente.pt\/joao-ricardo-deixa-recado-catarina-miranda-vai-acabar-vender-bilhetes-da-cp\" rel=\"nofollow noopener\" target=\"_blank\">deixa recado a Catarina Miranda: &#8220;Vai acabar a vender bilhetes da CP&#8221;<\/a><\/p>\n<\/blockquote>\n<p>A verdade \u00e9 que <strong>Jorri<\/strong>, como \u00e9 carinhosamente apelidado, garantiu ainda estar solteiro, embora n\u00e3o esconda o desejo de um dia constituir fam\u00edlia. &#8220;Tenho objetivos, tenho o sonho de ser pai, de construir uma fam\u00edlia. \u00c9 mesmo um dos meus maiores sonhos, mas <strong>n\u00e3o tenho problema algum em ficar solteiro<\/strong>&#8220;, confessou.<\/p>\n<p>Jo\u00e3o Ricardo nos Morangos com A\u00e7\u00facar\u00a0<\/p>\n<p>Texto: Beatriz Soares; Fotos: Arquivo Impala e Redes Sociais.\u00a0<\/p>\n<p class=\"intagram-text\">Siga a Nova Gente no Instagram<\/p>\n<p>                        <a href=\"https:\/\/www.instagram.com\/revistanovagente\/\" target=\"_blank\" aria-label=\"instagram\" rel=\"noopener nofollow\"><img decoding=\"async\" style=\"display: block; margin-left: auto; margin-right: auto; width: 250px; height: 83px;\" src=\"https:\/\/www.europesays.com\/pt\/wp-content\/uploads\/2025\/09\/Instagram_NG.png\" alt=\"instagram\"\/><\/a><br \/>\n                    <script async src=\"\/\/www.instagram.com\/embed.js\"><\/script><\/p>\n","protected":false},"excerpt":{"rendered":"Muitos acreditam que Jo\u00e3o Ricardo e M\u00e1rcia Soares j\u00e1 foram, em algum momento, mais do que amigos. No&hellip;\n","protected":false},"author":2,"featured_media":109042,"comment_status":"","ping_status":"","sticky":false,"template":"","format":"standard","meta":{"footnotes":""},"categories":[85],"tags":[48,2632,114,115,3213,1829,2038,32,33,1014,162],"class_list":{"0":"post-109041","1":"post","2":"type-post","3":"status-publish","4":"format-standard","5":"has-post-thumbnail","7":"category-entretenimento","8":"tag-big-brother","9":"tag-casa-dos-segredos","10":"tag-entertainment","11":"tag-entretenimento","12":"tag-joana-diniz","13":"tag-joao-ricardo","14":"tag-marcia-soares","15":"tag-portugal","16":"tag-pt","17":"tag-reality-show","18":"tag-tvi"},"share_on_mastodon":{"url":"","error":""},"_links":{"self":[{"href":"https:\/\/www.europesays.com\/pt\/wp-json\/wp\/v2\/posts\/109041","targetHints":{"allow":["GET"]}}],"collection":[{"href":"https:\/\/www.europesays.com\/pt\/wp-json\/wp\/v2\/posts"}],"about":[{"href":"https:\/\/www.europesays.com\/pt\/wp-json\/wp\/v2\/types\/post"}],"author":[{"embeddable":true,"href":"https:\/\/www.europesays.com\/pt\/wp-json\/wp\/v2\/users\/2"}],"replies":[{"embeddable":true,"href":"https:\/\/www.europesays.com\/pt\/wp-json\/wp\/v2\/comments?post=109041"}],"version-history":[{"count":0,"href":"https:\/\/www.europesays.com\/pt\/wp-json\/wp\/v2\/posts\/109041\/revisions"}],"wp:featuredmedia":[{"embeddable":true,"href":"https:\/\/www.europesays.com\/pt\/wp-json\/wp\/v2\/media\/109042"}],"wp:attachment":[{"href":"https:\/\/www.europesays.com\/pt\/wp-json\/wp\/v2\/media?parent=109041"}],"wp:term":[{"taxonomy":"category","embeddable":true,"href":"https:\/\/www.europesays.com\/pt\/wp-json\/wp\/v2\/categories?post=109041"},{"taxonomy":"post_tag","embeddable":true,"href":"https:\/\/www.europesays.com\/pt\/wp-json\/wp\/v2\/tags?post=109041"}],"curies":[{"name":"wp","href":"https:\/\/api.w.org\/{rel}","templated":true}]}}