{"id":109061,"date":"2025-10-13T13:45:54","date_gmt":"2025-10-13T13:45:54","guid":{"rendered":"https:\/\/www.europesays.com\/pt\/109061\/"},"modified":"2025-10-13T13:45:54","modified_gmt":"2025-10-13T13:45:54","slug":"do-tiktok-para-o-teu-armario-5-vestidos-da-zara-que-estao-a-fazer-sucesso","status":"publish","type":"post","link":"https:\/\/www.europesays.com\/pt\/109061\/","title":{"rendered":"Do TikTok para o teu arm\u00e1rio: 5 vestidos da Zara que est\u00e3o a fazer sucesso"},"content":{"rendered":"<p>Quando tens uma ocasi\u00e3o especial fazes compras em que lojas? H\u00e1 quem prefira a Mango ou a Massimo Dutti, mas n\u00e3o podemos esquecer a mais popular das marcas espanholas, onde encontras sempre pe\u00e7as que seguem as mais recentes tend\u00eancias: a Zara.\u00a0<\/p>\n<p>Sim, a marca estrela da <a href=\"https:\/\/versa.iol.pt\/marta-ortega\/zara\/marta-ortega-o-teu-fato-esta-na-nova-colecao-da-zara\/20251003\/68df96edd34ee0c2fed0d636\" rel=\"nofollow noopener\" target=\"_blank\">Inditex, a empresa liderada por Marta Ortega<\/a>, acaba sempre por ter boas op\u00e7\u00f5es. Por exemplo, recentemente, no TikTok, assistimos a um v\u00eddeo, no qual uma digital influencer mostra alguns vestidos ideais para a pr\u00f3xima festa na tua agenda.<\/p>\n<p>Fomos procurar e descobrimos que cinco dos vestidos em destaque no v\u00eddeo est\u00e3o dispon\u00edveis na loja online da Zara em Portugal. Quais s\u00e3o as op\u00e7\u00f5es? Tr\u00eas s\u00e3o na <a href=\"https:\/\/versa.iol.pt\/moda\/pantone\/e-a-cor-do-ano-para-2025-e-amiga-da-tendencia-quiet-luxury\/20241205\/6751b9ebd34ea1acf271768e\" target=\"_blank\" rel=\"nofollow noopener\">cor do ano, segundo a Pantone, o mocha mousse<\/a>, um tom de castanho ideal para os dias de outono.\u00a0<\/p>\n<p>J\u00e1 outro tem <a href=\"https:\/\/versa.iol.pt\/parfois\/vestido\/e-na-parfois-que-encontras-o-vestido-tendencia-ideal-para-mulheres-com-mais-de-40\/20250929\/68da690dd34e58bc67964dd1\" rel=\"nofollow noopener\" target=\"_blank\">o estampado mais popular dos \u00faltimos meses: polka-dot (bolinhas em portugu\u00eas)<\/a>. Tem ainda um len\u00e7o com o mesmo padr\u00e3o e no mesmo material que o resto do vestido.<\/p>\n<p>Tamb\u00e9m est\u00e1 na lista um vestido slip com renda ao estilo lingerie e com um corte assim\u00e9trico, assim como uma op\u00e7\u00e3o em cor-de-rosa com decote halter, constru\u00eddo com dois tecidos, um mais acetinado e o outro com transpar\u00eancia.\u00a0<\/p>\n<p>Espreita a galeria de imagens para analisares melhor as sugest\u00f5es e escolheres o teu favorito.\u00a0<\/p>\n<blockquote cite=\"https:\/\/www.tiktok.com\/@anapaulachiess\/video\/7546004872089455879\" class=\"tiktok-embed\" data-video-id=\"7546004872089455879\" style=\"max-width: 605px;min-width: 325px;\"><p>\n  <a href=\"https:\/\/www.tiktok.com\/@anapaulachiess?refer=embed\" target=\"_blank\" title=\"@anapaulachiess\" rel=\"nofollow noopener\">@anapaulachiess<\/a> 7 op\u00e7\u00f5es de vestidos de festas que encontrei na Zara, qual o preferido de voc\u00eas? \ud83d\ude31\u2764\ufe0f <a href=\"https:\/\/www.tiktok.com\/tag\/zarahaul?refer=embed\" target=\"_blank\" title=\"zarahaul\" rel=\"nofollow noopener\">#zarahaul<\/a> <a href=\"https:\/\/www.tiktok.com\/tag\/vestidodefesta?refer=embed\" target=\"_blank\" title=\"vestidodefesta\" rel=\"nofollow noopener\">#vestidodefesta<\/a> <a href=\"https:\/\/www.tiktok.com\/music\/sonido-original-7300639350754282246?refer=embed\" target=\"_blank\" title=\"\u266c sonido original - sin nombre\" rel=\"nofollow noopener\">\u266c sonido original &#8211; sin nombre<\/a> <\/p>\n<\/blockquote>\n<p>                            <script async src=\"\/\/www.tiktok.com\/embed.js\"><\/script><\/p>\n","protected":false},"excerpt":{"rendered":"Quando tens uma ocasi\u00e3o especial fazes compras em que lojas? H\u00e1 quem prefira a Mango ou a Massimo&hellip;\n","protected":false},"author":2,"featured_media":109062,"comment_status":"","ping_status":"","sticky":false,"template":"","format":"standard","meta":{"footnotes":""},"categories":[85],"tags":[1081,204,114,115,754,186,1079,32,33,2351,1078,5005,1080,3480],"class_list":{"0":"post-109061","1":"post","2":"type-post","3":"status-publish","4":"format-standard","5":"has-post-thumbnail","7":"category-entretenimento","8":"tag-beleza","9":"tag-design","10":"tag-entertainment","11":"tag-entretenimento","12":"tag-gastronomia","13":"tag-lifestyle","14":"tag-moda","15":"tag-portugal","16":"tag-pt","17":"tag-tendencias","18":"tag-versa","19":"tag-vestidos","20":"tag-viagens","21":"tag-zara"},"share_on_mastodon":{"url":"","error":""},"_links":{"self":[{"href":"https:\/\/www.europesays.com\/pt\/wp-json\/wp\/v2\/posts\/109061","targetHints":{"allow":["GET"]}}],"collection":[{"href":"https:\/\/www.europesays.com\/pt\/wp-json\/wp\/v2\/posts"}],"about":[{"href":"https:\/\/www.europesays.com\/pt\/wp-json\/wp\/v2\/types\/post"}],"author":[{"embeddable":true,"href":"https:\/\/www.europesays.com\/pt\/wp-json\/wp\/v2\/users\/2"}],"replies":[{"embeddable":true,"href":"https:\/\/www.europesays.com\/pt\/wp-json\/wp\/v2\/comments?post=109061"}],"version-history":[{"count":0,"href":"https:\/\/www.europesays.com\/pt\/wp-json\/wp\/v2\/posts\/109061\/revisions"}],"wp:featuredmedia":[{"embeddable":true,"href":"https:\/\/www.europesays.com\/pt\/wp-json\/wp\/v2\/media\/109062"}],"wp:attachment":[{"href":"https:\/\/www.europesays.com\/pt\/wp-json\/wp\/v2\/media?parent=109061"}],"wp:term":[{"taxonomy":"category","embeddable":true,"href":"https:\/\/www.europesays.com\/pt\/wp-json\/wp\/v2\/categories?post=109061"},{"taxonomy":"post_tag","embeddable":true,"href":"https:\/\/www.europesays.com\/pt\/wp-json\/wp\/v2\/tags?post=109061"}],"curies":[{"name":"wp","href":"https:\/\/api.w.org\/{rel}","templated":true}]}}