{"id":109104,"date":"2025-10-13T14:30:09","date_gmt":"2025-10-13T14:30:09","guid":{"rendered":"https:\/\/www.europesays.com\/pt\/109104\/"},"modified":"2025-10-13T14:30:09","modified_gmt":"2025-10-13T14:30:09","slug":"sucessor-de-hugo-viana-no-sporting-na-lista-da-juventus-para-diretor-desportivo","status":"publish","type":"post","link":"https:\/\/www.europesays.com\/pt\/109104\/","title":{"rendered":"Sucessor de Hugo Viana no Sporting na lista da Juventus para diretor desportivo"},"content":{"rendered":"<p>&#8211; Advertisement &#8211;<\/p>\n<p><strong>A Juventus v\u00ea em Bernardo Palmeiro, atual diretor geral do Sporting, uma das possibilidades para ser o novo diretor desportivo da vecchia signora.<\/strong><\/p>\n<p>A Juventus est\u00e1 \u00e0 procura de um novo diretor desportivo e uma das possibilidades em cima da mesa \u00e9 Bernardo Palmeiro, atual diretor-geral do Sporting.<\/p>\n<p>De acordo com Fabrizio Romano, o principal candidato ao cargo \u00e9 Marco Ottolini, atual diretor desportivo do Cagliari, mas a Vecchia Signora tamb\u00e9m tem trabalhado no dossier de Bernardo Palmeiro, caso n\u00e3o chegue a um entendimento com o dirigente do clube da Sardenha.<\/p>\n<p>Recorde-se que Bernardo Palmeiro sucedeu a <a href=\"https:\/\/bolanarede.pt\/etiqueta\/hugo-viana\/\" target=\"_blank\" rel=\"noreferrer noopener nofollow\">Hugo Viana <\/a>no cargo de diretor-geral do futebol leonino, ap\u00f3s a extin\u00e7\u00e3o do cargo de diretor do futebol no Sporting.<\/p>\n","protected":false},"excerpt":{"rendered":"&#8211; Advertisement &#8211; A Juventus v\u00ea em Bernardo Palmeiro, atual diretor geral do Sporting, uma das possibilidades para&hellip;\n","protected":false},"author":2,"featured_media":109105,"comment_status":"","ping_status":"","sticky":false,"template":"","format":"standard","meta":{"footnotes":""},"categories":[87],"tags":[260,14828,135,690,32,33,34,134],"class_list":{"0":"post-109104","1":"post","2":"type-post","3":"status-publish","4":"format-standard","5":"has-post-thumbnail","7":"category-desporto","8":"tag-atualidade","9":"tag-bernardo-palmeiro","10":"tag-desporto","11":"tag-juventus","12":"tag-portugal","13":"tag-pt","14":"tag-sporting","15":"tag-sports"},"share_on_mastodon":{"url":"","error":""},"_links":{"self":[{"href":"https:\/\/www.europesays.com\/pt\/wp-json\/wp\/v2\/posts\/109104","targetHints":{"allow":["GET"]}}],"collection":[{"href":"https:\/\/www.europesays.com\/pt\/wp-json\/wp\/v2\/posts"}],"about":[{"href":"https:\/\/www.europesays.com\/pt\/wp-json\/wp\/v2\/types\/post"}],"author":[{"embeddable":true,"href":"https:\/\/www.europesays.com\/pt\/wp-json\/wp\/v2\/users\/2"}],"replies":[{"embeddable":true,"href":"https:\/\/www.europesays.com\/pt\/wp-json\/wp\/v2\/comments?post=109104"}],"version-history":[{"count":0,"href":"https:\/\/www.europesays.com\/pt\/wp-json\/wp\/v2\/posts\/109104\/revisions"}],"wp:featuredmedia":[{"embeddable":true,"href":"https:\/\/www.europesays.com\/pt\/wp-json\/wp\/v2\/media\/109105"}],"wp:attachment":[{"href":"https:\/\/www.europesays.com\/pt\/wp-json\/wp\/v2\/media?parent=109104"}],"wp:term":[{"taxonomy":"category","embeddable":true,"href":"https:\/\/www.europesays.com\/pt\/wp-json\/wp\/v2\/categories?post=109104"},{"taxonomy":"post_tag","embeddable":true,"href":"https:\/\/www.europesays.com\/pt\/wp-json\/wp\/v2\/tags?post=109104"}],"curies":[{"name":"wp","href":"https:\/\/api.w.org\/{rel}","templated":true}]}}