{"id":109108,"date":"2025-10-13T14:32:13","date_gmt":"2025-10-13T14:32:13","guid":{"rendered":"https:\/\/www.europesays.com\/pt\/109108\/"},"modified":"2025-10-13T14:32:13","modified_gmt":"2025-10-13T14:32:13","slug":"adeus-mocha-mousse-letizia-torna-esta-a-cor-oficial-do-outono","status":"publish","type":"post","link":"https:\/\/www.europesays.com\/pt\/109108\/","title":{"rendered":"Adeus, Mocha Mousse. Letizia torna esta a cor oficial do outono"},"content":{"rendered":"<p>Muito se fala no<a href=\"https:\/\/versa.iol.pt\/moda\/pantone\/e-a-cor-do-ano-para-2025-e-amiga-da-tendencia-quiet-luxury\/20241205\/6751b9ebd34ea1acf271768e\" rel=\"nofollow noopener\" target=\"_blank\">\u00a0Mocha Mousse, a cor de 2025 segundo a Pantone<\/a>, assim como no <a href=\"https:\/\/versa.iol.pt\/moda\/zara\/ha-outro-sobretudo-da-zara-na-lista-de-novos-vicios-em-2025\/20250125\/67910ef1d34e3f0bae9981bd\" rel=\"nofollow noopener\" target=\"_blank\">vermelho burgundy<\/a>, no <a href=\"https:\/\/versa.iol.pt\/mango\/sabrinas\/sapatos-tendencia-custavam-49-99-euros-na-mango-e-agora-nao-chegam-a-12\/20251007\/68dfd5dad34ee0c2fed0da04\" rel=\"nofollow noopener\" target=\"_blank\">bord\u00f4<\/a>\u00a0e no <a href=\"https:\/\/versa.iol.pt\/unhas\/unhas-de-gel\/adeus-unhas-butter-yellow-a-proxima-cor-de-verao-ja-foi-escolhida\/20250815\/689d8f79d34e3f0baea19e29\" rel=\"nofollow noopener\" target=\"_blank\">amarelo manteiga<\/a>. No entanto, h\u00e1 outra a que devemos estar atentos por culpa de Letizia.\u00a0<\/p>\n<p>A Rainha de Espanha celebrou, este s\u00e1bado, 12 de outubro, o Dia Nacional de Espanha, com momentos especiais no Pal\u00e1cio Real de Madrid, mas o mais especial foi mesmo o look que escolheu.<\/p>\n<p>Primeiramente, temos de falar sobre o vestido de tweed assinado por Carolina Herrera, completado por um cinto Hugo Boss e finalizado com a carteira Victoria da Carolina Herrera, em couro preto.<\/p>\n<p>O look de Letizia n\u00e3o passou despercebido, principalmente pela cor, verde esmeralda, uma tend\u00eancia que apareceu em v\u00e1rios desfiles de moda de 2025. Victoria Beckham e a Prada apresentaram pe\u00e7as em verde esmeralda nos respetivos desfiles de primavera\/ver\u00e3o. J\u00e1 Dries van Noten e a Gucci levaram este tom de verde para as cole\u00e7\u00f5es de outono\/inverno 2025-2026 na Semana de Moda de Paris.\u00a0<\/p>\n<p>Em Alta-Costura, por exemplo na Chanel, o verde aparece mais em detalhes, bordados e bot\u00f5es-joia, e n\u00e3o sempre em pe\u00e7as inteiras. No entanto, Letizia n\u00e3o deixa d\u00favidas de que um look total em verde esmeralda \u00e9 aquilo que vamos querer ver nesta esta\u00e7\u00e3o.<\/p>\n<p>\u00c9 que esta \u00e9 uma cor impactante, que transmite eleg\u00e2ncia e luxo, surgindo como alternativa vibrante aos tons neutros ou escuros (preto, cinzento, bege) que dominam muitos guarda-roupas de outono e inverno.\u00a0<\/p>\n<p>Na galeria de imagens deixamos-te v\u00e1rias propostas para usares a cor que Letizia acaba de colocar na ordem do dia.\u00a0<\/p>\n","protected":false},"excerpt":{"rendered":"Muito se fala no\u00a0Mocha Mousse, a cor de 2025 segundo a Pantone, assim como no vermelho burgundy, no&hellip;\n","protected":false},"author":2,"featured_media":109109,"comment_status":"","ping_status":"","sticky":false,"template":"","format":"standard","meta":{"footnotes":""},"categories":[85],"tags":[1081,204,114,115,2668,754,7572,186,1079,32,33,10856,1078,1080],"class_list":{"0":"post-109108","1":"post","2":"type-post","3":"status-publish","4":"format-standard","5":"has-post-thumbnail","7":"category-entretenimento","8":"tag-beleza","9":"tag-design","10":"tag-entertainment","11":"tag-entretenimento","12":"tag-esmeralda","13":"tag-gastronomia","14":"tag-letizia","15":"tag-lifestyle","16":"tag-moda","17":"tag-portugal","18":"tag-pt","19":"tag-verde","20":"tag-versa","21":"tag-viagens"},"share_on_mastodon":{"url":"","error":""},"_links":{"self":[{"href":"https:\/\/www.europesays.com\/pt\/wp-json\/wp\/v2\/posts\/109108","targetHints":{"allow":["GET"]}}],"collection":[{"href":"https:\/\/www.europesays.com\/pt\/wp-json\/wp\/v2\/posts"}],"about":[{"href":"https:\/\/www.europesays.com\/pt\/wp-json\/wp\/v2\/types\/post"}],"author":[{"embeddable":true,"href":"https:\/\/www.europesays.com\/pt\/wp-json\/wp\/v2\/users\/2"}],"replies":[{"embeddable":true,"href":"https:\/\/www.europesays.com\/pt\/wp-json\/wp\/v2\/comments?post=109108"}],"version-history":[{"count":0,"href":"https:\/\/www.europesays.com\/pt\/wp-json\/wp\/v2\/posts\/109108\/revisions"}],"wp:featuredmedia":[{"embeddable":true,"href":"https:\/\/www.europesays.com\/pt\/wp-json\/wp\/v2\/media\/109109"}],"wp:attachment":[{"href":"https:\/\/www.europesays.com\/pt\/wp-json\/wp\/v2\/media?parent=109108"}],"wp:term":[{"taxonomy":"category","embeddable":true,"href":"https:\/\/www.europesays.com\/pt\/wp-json\/wp\/v2\/categories?post=109108"},{"taxonomy":"post_tag","embeddable":true,"href":"https:\/\/www.europesays.com\/pt\/wp-json\/wp\/v2\/tags?post=109108"}],"curies":[{"name":"wp","href":"https:\/\/api.w.org\/{rel}","templated":true}]}}