{"id":109118,"date":"2025-10-13T14:41:10","date_gmt":"2025-10-13T14:41:10","guid":{"rendered":"https:\/\/www.europesays.com\/pt\/109118\/"},"modified":"2025-10-13T14:41:10","modified_gmt":"2025-10-13T14:41:10","slug":"exclusivo-final-de-a-fazenda-o-que-vai-acontecer-a-joel-surpreenda-se-novelas","status":"publish","type":"post","link":"https:\/\/www.europesays.com\/pt\/109118\/","title":{"rendered":"Exclusivo final de \u00abA Fazenda\u00bb: O que vai acontecer a Joel? Surpreenda-se! &#8211; Novelas"},"content":{"rendered":"<p>Em \u00abA Fazenda\u00bb, <a href=\"https:\/\/tvi.iol.pt\/novelas\/videos\/eva-e-joel-beijam-se-apaixonadamente\/6776a2000cf23e044af75c9b\" rel=\"nofollow noopener\" target=\"_blank\">Eva (Margarida Corceiro)<\/a>\u00a0recebe surpresa a visita de <a href=\"https:\/\/tvi.iol.pt\/novelas\/videos\/joel-declara-se-a-eva-nunca-quis-atravessar-me-entre-ti-e-o-talu\/676ac3630cf2f130c299a685\" rel=\"nofollow noopener\" target=\"_blank\">Joel (Jo\u00e3o Jesus)<\/a>, que lhe pede desculpa por tudo o que lhe fez, mas defendendo-se que a ama.<\/p>\n<p>Joel diz ir entregar-se \u00e0 pol\u00edcia, mas Eva pede-lhe que n\u00e3o o fa\u00e7a, dizendo querer encerrar aquela hist\u00f3ria sem mais sentimentos de culpa.<\/p>\n<p>Joel tenta aproximar-se dela, mas a jovem n\u00e3o deixa. Eva permite que o neto de <a href=\"https:\/\/tvi.iol.pt\/novelas\/videos\/zulmira-da-licao-a-alba-o-amor-vence-sempre-o-odio\/6756f2280cf23e044af75246\" rel=\"nofollow noopener\" target=\"_blank\">Zulmira (Helena Isabel)<\/a>\u00a0v\u00e1 embora sem que seja punido.<\/p>\n<p>Recorde-se que Joel raptou Eva e drogou-a:<\/p>\n","protected":false},"excerpt":{"rendered":"Em \u00abA Fazenda\u00bb, Eva (Margarida Corceiro)\u00a0recebe surpresa a visita de Joel (Jo\u00e3o Jesus), que lhe pede desculpa por&hellip;\n","protected":false},"author":2,"featured_media":109119,"comment_status":"","ping_status":"","sticky":false,"template":"","format":"standard","meta":{"footnotes":""},"categories":[142],"tags":[657,160,166,114,115,722,157,167,721,723,164,719,161,158,165,159,32,33,156,163,151,162],"class_list":{"0":"post-109118","1":"post","2":"type-post","3":"status-publish","4":"format-standard","5":"has-post-thumbnail","7":"category-tv","8":"tag-a-fazenda","9":"tag-ana-guiomar","10":"tag-cristina-ferreira","11":"tag-entertainment","12":"tag-entretenimento","13":"tag-eva","14":"tag-festa-e-festa","15":"tag-ficcao","16":"tag-joao-jesus","17":"tag-joel","18":"tag-jose-fidalgo","19":"tag-margarida-corceiro","20":"tag-novelas","21":"tag-para-sempre","22":"tag-pedro-sousa","23":"tag-pedro-teixeira","24":"tag-portugal","25":"tag-pt","26":"tag-queridos-papas","27":"tag-tiago-teotonio-pereira","28":"tag-tv","29":"tag-tvi"},"share_on_mastodon":{"url":"","error":""},"_links":{"self":[{"href":"https:\/\/www.europesays.com\/pt\/wp-json\/wp\/v2\/posts\/109118","targetHints":{"allow":["GET"]}}],"collection":[{"href":"https:\/\/www.europesays.com\/pt\/wp-json\/wp\/v2\/posts"}],"about":[{"href":"https:\/\/www.europesays.com\/pt\/wp-json\/wp\/v2\/types\/post"}],"author":[{"embeddable":true,"href":"https:\/\/www.europesays.com\/pt\/wp-json\/wp\/v2\/users\/2"}],"replies":[{"embeddable":true,"href":"https:\/\/www.europesays.com\/pt\/wp-json\/wp\/v2\/comments?post=109118"}],"version-history":[{"count":0,"href":"https:\/\/www.europesays.com\/pt\/wp-json\/wp\/v2\/posts\/109118\/revisions"}],"wp:featuredmedia":[{"embeddable":true,"href":"https:\/\/www.europesays.com\/pt\/wp-json\/wp\/v2\/media\/109119"}],"wp:attachment":[{"href":"https:\/\/www.europesays.com\/pt\/wp-json\/wp\/v2\/media?parent=109118"}],"wp:term":[{"taxonomy":"category","embeddable":true,"href":"https:\/\/www.europesays.com\/pt\/wp-json\/wp\/v2\/categories?post=109118"},{"taxonomy":"post_tag","embeddable":true,"href":"https:\/\/www.europesays.com\/pt\/wp-json\/wp\/v2\/tags?post=109118"}],"curies":[{"name":"wp","href":"https:\/\/api.w.org\/{rel}","templated":true}]}}