{"id":10912,"date":"2025-07-31T23:48:15","date_gmt":"2025-07-31T23:48:15","guid":{"rendered":"https:\/\/www.europesays.com\/pt\/10912\/"},"modified":"2025-07-31T23:48:15","modified_gmt":"2025-07-31T23:48:15","slug":"saiba-porque-camila-loures-desistiu-de-participar-de-a-fazenda-17","status":"publish","type":"post","link":"https:\/\/www.europesays.com\/pt\/10912\/","title":{"rendered":"Saiba porque Camila Loures desistiu de participar de A Fazenda 17"},"content":{"rendered":"<p><strong>Camila Loures<\/strong> informou a <strong>Record<\/strong>, nesta quinta-feira (31), sua desist\u00eancia de <strong>A Fazenda 17<\/strong>, que estreia em setembro. A youtuber estava prestes a assinar o contrato com a emissora, quando optou por declinar do convite e priorizar sua carreira na internet.<\/p>\n<p>De acordo com o jornalista Cadu Safner, do portal LeoDias, a not\u00edcia gerou um clim\u00e3o na equipe do reality rural, que a enxergava como o grande nome da temporada, j\u00e1 que o canal da influenciadora no YouTube \u00e9 o maior do segmento de humor e entretenimento no Brasil, liderado por uma figura feminina.<\/p>\n<p><strong>J\u00fanior C\u00e9sar<\/strong>, empres\u00e1rio de <strong>Camila Loures<\/strong> h\u00e1 anos, disse \u00e0 reportagem que a rotina de trabalho da criador de conte\u00fado \u00e9 muito intensa e que, portanto, seria imposs\u00edvel, neste momento, bloquear a agenda de comprimissos da youtuber.<\/p>\n<p>&#8220;Os conte\u00fados da Camila s\u00e3o extensos, requer uma produ\u00e7\u00e3o maior. Ela est\u00e1 absolvida por conte\u00fados publicit\u00e1rios e uma agenda profissional que nesse momento seria delicado largar tudo por uma participa\u00e7\u00e3o no programa, haja visto a quantidade de compromissos. Ela precisaria de planejamento, organiza\u00e7\u00e3o e tempo. \u00c9 uma agenda conturbada&#8221;, disse o empres\u00e1rio ao portal LeoDias.<\/p>\n","protected":false},"excerpt":{"rendered":"Camila Loures informou a Record, nesta quinta-feira (31), sua desist\u00eancia de A Fazenda 17, que estreia em setembro.&hellip;\n","protected":false},"author":2,"featured_media":10913,"comment_status":"","ping_status":"","sticky":false,"template":"","format":"standard","meta":{"footnotes":""},"categories":[145],"tags":[4706,4705,211,210,114,115,32,33],"class_list":{"0":"post-10912","1":"post","2":"type-post","3":"status-publish","4":"format-standard","5":"has-post-thumbnail","7":"category-celebridades","8":"tag-a-fazenda-17","9":"tag-camila-loures","10":"tag-celebridades","11":"tag-celebrities","12":"tag-entertainment","13":"tag-entretenimento","14":"tag-portugal","15":"tag-pt"},"share_on_mastodon":{"url":"","error":""},"_links":{"self":[{"href":"https:\/\/www.europesays.com\/pt\/wp-json\/wp\/v2\/posts\/10912","targetHints":{"allow":["GET"]}}],"collection":[{"href":"https:\/\/www.europesays.com\/pt\/wp-json\/wp\/v2\/posts"}],"about":[{"href":"https:\/\/www.europesays.com\/pt\/wp-json\/wp\/v2\/types\/post"}],"author":[{"embeddable":true,"href":"https:\/\/www.europesays.com\/pt\/wp-json\/wp\/v2\/users\/2"}],"replies":[{"embeddable":true,"href":"https:\/\/www.europesays.com\/pt\/wp-json\/wp\/v2\/comments?post=10912"}],"version-history":[{"count":0,"href":"https:\/\/www.europesays.com\/pt\/wp-json\/wp\/v2\/posts\/10912\/revisions"}],"wp:featuredmedia":[{"embeddable":true,"href":"https:\/\/www.europesays.com\/pt\/wp-json\/wp\/v2\/media\/10913"}],"wp:attachment":[{"href":"https:\/\/www.europesays.com\/pt\/wp-json\/wp\/v2\/media?parent=10912"}],"wp:term":[{"taxonomy":"category","embeddable":true,"href":"https:\/\/www.europesays.com\/pt\/wp-json\/wp\/v2\/categories?post=10912"},{"taxonomy":"post_tag","embeddable":true,"href":"https:\/\/www.europesays.com\/pt\/wp-json\/wp\/v2\/tags?post=10912"}],"curies":[{"name":"wp","href":"https:\/\/api.w.org\/{rel}","templated":true}]}}