{"id":109121,"date":"2025-10-13T14:43:18","date_gmt":"2025-10-13T14:43:18","guid":{"rendered":"https:\/\/www.europesays.com\/pt\/109121\/"},"modified":"2025-10-13T14:43:18","modified_gmt":"2025-10-13T14:43:18","slug":"lancamentos-da-semana-13-a-19-de-outubro","status":"publish","type":"post","link":"https:\/\/www.europesays.com\/pt\/109121\/","title":{"rendered":"lan\u00e7amentos da semana (13 a 19 de outubro)"},"content":{"rendered":"<p>Nesta semana, o cat\u00e1logo do Prime Video recebe o drama Invenc\u00edvel e o romance Nossa Culpa, um original Prime Video<\/p>\n<p><img decoding=\"async\" src=\"https:\/\/www.europesays.com\/pt\/wp-content\/uploads\/2025\/10\/Prime-Video-6-1920x1080.jpg\" class=\"attachment-banner size-banner\" alt=\"Prime Video\" loading=\"eager\" fetchpriority=\"high\" width=\"1920\" height=\"1080\"\/><br \/>\n\t\t\t(Imagem: Olhar Digital)<\/p>\n<p>Compartilhe esta mat\u00e9ria<\/p>\n<p>\t\t\t\t\t<img decoding=\"async\" src=\"https:\/\/www.europesays.com\/pt\/wp-content\/uploads\/2025\/10\/amazon-prime-video-logo.jpg\" width=\"250\" height=\"250\" alt=\"Amazon Prime Video Logo\" loading=\"lazy\"\/><\/p>\n<p>Tudo sobre Amazon Prime Video<\/p>\n<p class=\"wp-embed-aspect-16-9 wp-has-aspect-ratio\" id=\"block-ef681ab3-1368-45c0-ac88-8accd5b80455\">O\u00a0<strong>Olhar Digital<\/strong>\u00a0apresenta os lan\u00e7amentos da semana do Amazon Prime Video. Na semana entre os dias 13 e 19 de outubro, a\u00a0<a href=\"https:\/\/olhardigital.com.br\/tag\/amazon\/\" target=\"_blank\" rel=\"noreferrer noopener nofollow\">Amazon<\/a>\u00a0ter\u00e1 a chegada de novas produ\u00e7\u00f5es \u00e0 sua plataforma de\u00a0<a href=\"https:\/\/olhardigital.com.br\/tag\/streaming\/\" target=\"_blank\" rel=\"noreferrer noopener nofollow\">streaming<\/a>.<\/p>\n<p>Entre tais produ\u00e7\u00f5es que chegam ao streaming da Amazon, est\u00e1 o filme Invenc\u00edvel. Al\u00e9m disso, chega ao cat\u00e1logo da plataforma o romance espanhol Nossa Culpa.<\/p>\n<p><strong>Para um teste gr\u00e1tis de 30 dias de Prime Video <a href=\"https:\/\/www.primevideo.com\/?tag=odofertas-20\" target=\"_blank\" rel=\"noreferrer noopener nofollow\">clique aqui<\/a>.<\/strong><\/p>\n<p>Lan\u00e7amentos da Prime Video de 13 a 19 de outubro<\/p>\n<p>Confira mais detalhes sobre os\u00a0<a href=\"https:\/\/olhardigital.com.br\/tag\/lancamentos-da-semana\/\" target=\"_blank\" rel=\"noreferrer noopener nofollow\">lan\u00e7amentos da semana<\/a>\u00a0entre os dias 13 e 19 de outubro:<\/p>\n<p>Quinta-feira \u2013 16\/10<\/p>\n<ul>\n<li><strong>Nossa Culpa<\/strong>\n<ul>\n<li>Filme | Original Prime Video | Romance | Ano de Produ\u00e7\u00e3o: 2025 (Espanha)<\/li>\n<li>Terceiro filme da franquia Minha Culpa. Baseada na trilogia de livros de Mercedes Ron, em Nossa Culpa, Nick (Gabriel Guevara) e Noah (Nicolle Wallace) est\u00e3o separados h\u00e1 quatro anos e seguiram caminhos diferentes ap\u00f3s a briga terr\u00edvel que tiveram na festa da mans\u00e3o Leister. Eles s\u00e3o obrigados a se reencontrarem no casamento dos amigos Jenna (Eva Ruiz) e Lion (Vitor Varona), do qual ambos s\u00e3o padrinhos e o evento fica t\u00e3o repleto de tens\u00f5es que eles n\u00e3o conseguem controlar. Meses a festa, as coincid\u00eancias do destino acabam fazendo com que os caminhos do ex-casal se cruze novamente. No auge de suas desaven\u00e7as, eles se questionam at\u00e9 onde consegue suportar a dist\u00e2ncia. Mas ser\u00e1 que \u00e9 poss\u00edvel largar uma paix\u00e3o t\u00e3o forte?<\/li>\n<\/ul>\n<\/li>\n<\/ul>\n<p><strong>Leia mais:<\/strong><\/p>\n<p>Sexta-feira \u2013 17\/10<\/p>\n<ul>\n<li><strong>Invenc\u00edvel<\/strong>\n<ul>\n<li>Filme | Drama | Ano de Produ\u00e7\u00e3o: 2025 (EUA)<\/li>\n<li>Scott e Teresa descobrem que seu filho, Austin, \u00e9 autista e tem uma doen\u00e7a \u00f3ssea fr\u00e1gil. Eles se preocupam com o futuro dele, mas com a f\u00e9 crescente de Scott e o esp\u00edrito incr\u00edvel de Austin, eles encontram alegria, gratid\u00e3o e coragem.<\/li>\n<\/ul>\n<\/li>\n<\/ul>\n<p>\t\t\t\t\t&#13;<br \/>\n\t\t\t\t\t&#13;<\/p>\n<p><strong>Assista a filmes e s\u00e9ries<\/strong><\/p>\n<p>\n\t\tAssine <strong><a href=\"https:\/\/www.primevideo.com\/?tag=odofertas-20\" target=\"_blank\" rel=\"noopener sponsored nofollow\">Amazon Prime<\/a><\/strong> para assistir a filmes e s\u00e9ries populares, incluindo Amazon Originals premiados.<br \/>\n\t\tO <strong><a href=\"https:\/\/www.primevideo.com\/?tag=odofertas-20\" target=\"_blank\" rel=\"noopener sponsored nofollow\">Amazon Prime<\/a><\/strong> tamb\u00e9m inclui a entrega GR\u00c1TIS e r\u00e1pida de milhares de itens eleg\u00edveis,<br \/>\n\t\tmais de 2 milh\u00f5es de m\u00fasicas sem an\u00fancios e muito mais. Clique <a href=\"https:\/\/www.primevideo.com\/?tag=odofertas-20\" target=\"_blank\" rel=\"noopener sponsored nofollow\"><strong>aqui<\/strong> e comece seu teste <strong>GR\u00c1TIS<\/strong><\/a> por 30 dias!\n\t<\/p>\n<p>\t\t\t\t\t\t<img decoding=\"async\" src=\"https:\/\/www.europesays.com\/pt\/wp-content\/uploads\/2025\/10\/analuiza-150x150.png\" width=\"150\" height=\"150\" alt=\"Ana Luiza Figueiredo\" loading=\"lazy\"\/><\/p>\n<p>Redator(a)<\/p>\n<p>\t\t\t\t\t\t\t\t\t\t\t\t\t<a href=\"https:\/\/www.linkedin.com\/in\/ana-luiza-figueiredo\/\" target=\"_blank\" rel=\"noopener nofollow\" title=\"Ana Luiza Figueiredo no LinkedIn\">&#13;<br \/>\n\t\t\t\t\t\t\t\t<img decoding=\"async\" src=\"https:\/\/img.odcdn.com.br\/wp-content\/uploads\/icons\/author-linkedin.svg\" alt=\"Ana Luiza Figueiredo no LinkedIn\" width=\"24\" height=\"24\" loading=\"lazy\"\/>&#13;<br \/>\n\t\t\t\t\t\t\t<\/a><\/p>\n<p>Ana Luiza Figueiredo \u00e9 rep\u00f3rter do Olhar Digital. Formada em Jornalismo pela Universidade Federal de Uberl\u00e2ndia (UFU), foi Roteirista na Blues Content, criando conte\u00fados para TV e internet.<\/p>\n<p>\t\t\t\t&#13;<br \/>\n\t\t\t\t\t&#13;<\/p>\n","protected":false},"excerpt":{"rendered":"Nesta semana, o cat\u00e1logo do Prime Video recebe o drama Invenc\u00edvel e o romance Nossa Culpa, um original&hellip;\n","protected":false},"author":2,"featured_media":109122,"comment_status":"","ping_status":"","sticky":false,"template":"","format":"standard","meta":{"footnotes":""},"categories":[140],"tags":[114,115,147,148,146,32,33],"class_list":{"0":"post-109121","1":"post","2":"type-post","3":"status-publish","4":"format-standard","5":"has-post-thumbnail","7":"category-filmes","8":"tag-entertainment","9":"tag-entretenimento","10":"tag-film","11":"tag-filmes","12":"tag-movies","13":"tag-portugal","14":"tag-pt"},"share_on_mastodon":{"url":"","error":""},"_links":{"self":[{"href":"https:\/\/www.europesays.com\/pt\/wp-json\/wp\/v2\/posts\/109121","targetHints":{"allow":["GET"]}}],"collection":[{"href":"https:\/\/www.europesays.com\/pt\/wp-json\/wp\/v2\/posts"}],"about":[{"href":"https:\/\/www.europesays.com\/pt\/wp-json\/wp\/v2\/types\/post"}],"author":[{"embeddable":true,"href":"https:\/\/www.europesays.com\/pt\/wp-json\/wp\/v2\/users\/2"}],"replies":[{"embeddable":true,"href":"https:\/\/www.europesays.com\/pt\/wp-json\/wp\/v2\/comments?post=109121"}],"version-history":[{"count":0,"href":"https:\/\/www.europesays.com\/pt\/wp-json\/wp\/v2\/posts\/109121\/revisions"}],"wp:featuredmedia":[{"embeddable":true,"href":"https:\/\/www.europesays.com\/pt\/wp-json\/wp\/v2\/media\/109122"}],"wp:attachment":[{"href":"https:\/\/www.europesays.com\/pt\/wp-json\/wp\/v2\/media?parent=109121"}],"wp:term":[{"taxonomy":"category","embeddable":true,"href":"https:\/\/www.europesays.com\/pt\/wp-json\/wp\/v2\/categories?post=109121"},{"taxonomy":"post_tag","embeddable":true,"href":"https:\/\/www.europesays.com\/pt\/wp-json\/wp\/v2\/tags?post=109121"}],"curies":[{"name":"wp","href":"https:\/\/api.w.org\/{rel}","templated":true}]}}