{"id":109135,"date":"2025-10-13T14:54:13","date_gmt":"2025-10-13T14:54:13","guid":{"rendered":"https:\/\/www.europesays.com\/pt\/109135\/"},"modified":"2025-10-13T14:54:13","modified_gmt":"2025-10-13T14:54:13","slug":"lancamento-do-anuario-abrelivros-2025-vai-reunir-especialistas-para-discutir-juventude-e-ensino-medio","status":"publish","type":"post","link":"https:\/\/www.europesays.com\/pt\/109135\/","title":{"rendered":"Lan\u00e7amento do Anu\u00e1rio Abrelivros 2025 vai reunir especialistas para discutir juventude e Ensino M\u00e9dio"},"content":{"rendered":"<p>Lan\u00e7amento do Anu\u00e1rio Abrelivros 2025 vai reunir especialistas para discutir juventude e Ensino M\u00e9dio<\/p>\n<p>Volume re\u00fane dados, an\u00e1lises e reflex\u00f5es sobre a educa\u00e7\u00e3o brasileira, com destaque para o papel dos jovens e mudan\u00e7as recentes<\/p>\n<p><img loading=\"lazy\" decoding=\"async\" src=\"https:\/\/www.europesays.com\/pt\/wp-content\/uploads\/2025\/10\/qpxeHCmQ8RtCIAWFUbyrBMxcTn4hp9hd7ANOcS32FtkbjVmMuvplB9nqpiDSMhCVpkkwWo5mW7fYqFjv.png\" width=\"221\" height=\"262\" alt=\"Anu\u00e1rio traz dados do PNLD e das editoras de livros did\u00e1ticos | \u00a9 Abrelivros\" title=\"Anu\u00e1rio traz dados do PNLD e das editoras de livros did\u00e1ticos | \u00a9 Abrelivros\" \/><\/p>\n<p>Anu\u00e1rio traz dados do PNLD e das editoras de livros did\u00e1ticos | \u00a9 Abrelivros<\/p>\n<p>A <a href=\"https:\/\/www.publishnews.com.br\/etiquetas\/abrelivros\" target=\"_blank\" rel=\"nofollow noopener\">Associa\u00e7\u00e3o Brasileira de Livros e Conte\u00fados Educacionais (Abrelivros)<\/a> realiza, na ter\u00e7a-feira, dia 21 de outubro, o lan\u00e7amento do Anu\u00e1rio Abrelivros 2025, que neste ano tem como tema \u201cOs jovens e o Ensino M\u00e9dio\u201d. O evento ser\u00e1 realizado \u00e0s 14h30, no Unibes Cultural, em S\u00e3o Paulo (SP), e reunir\u00e1 especialistas, pesquisadores e representantes de institui\u00e7\u00f5es p\u00fablicas para discutir os desafios e as oportunidades dessa etapa decisiva da educa\u00e7\u00e3o b\u00e1sica. <\/p>\n<p>A programa\u00e7\u00e3o contar\u00e1 com dois pain\u00e9is de debate. O primeiro, \u201c<a href=\"https:\/\/www.publishnews.com.br\/etiquetas\/pnld\" target=\"_blank\" rel=\"nofollow noopener\"><strong>PNLD<\/strong><\/a> e o Novo Ensino M\u00e9dio: Pol\u00edticas e Inova\u00e7\u00f5es para um Ensino M\u00e9dio mais Significativo\u201d, ter\u00e1 a participa\u00e7\u00e3o de Anita Gea, diretora de Apoio \u00e0 Gest\u00e3o Educacional da Secretaria de Educa\u00e7\u00e3o B\u00e1sica (SEB\/MEC), al\u00e9m de representante do Fundo Nacional de Desenvolvimento da Educa\u00e7\u00e3o (FNDE), e media\u00e7\u00e3o \u00c2ngelo Xavier, presidente da Abrelivros.<\/p>\n<p>Na sequ\u00eancia, o painel \u201cO Futuro em Constru\u00e7\u00e3o: Retratos da Juventude e os Caminhos para Transformar o Ensino M\u00e9dio\u201d reunir\u00e1 Telma Pantano, pesquisadora em Neuroci\u00eancia e Psiquiatria, e Alexandre Schneider, especialista em Educa\u00e7\u00e3o e Pol\u00edticas P\u00fablicas. A media\u00e7\u00e3o ser\u00e1 Paulo Camargo, jornalista e editor do Anu\u00e1rio Abrelivros 2025.<\/p>\n<p>\u201cO Ensino M\u00e9dio \u00e9 uma etapa que concentra muitos dos desafios e esperan\u00e7as da educa\u00e7\u00e3o brasileira. Falar sobre os jovens \u00e9 falar sobre o presente e o futuro do pa\u00eds. Neste lan\u00e7amento, teremos pain\u00e9is para discutir como pol\u00edticas p\u00fablicas e as transforma\u00e7\u00f5es sociais e culturais t\u00eam impactado essa gera\u00e7\u00e3o, e como o livro continua sendo um aliado essencial nesse processo\u201d, afirma \u00c2ngelo Xavier, presidente da Abrelivros.<\/p>\n<p>Ap\u00f3s o encerramento dos debates, ser\u00e1 servido um coquetel comemorativo aos convidados.<\/p>\n<p>O Anu\u00e1rio Abrelivros 2025 re\u00fane dados, an\u00e1lises e reflex\u00f5es sobre a educa\u00e7\u00e3o brasileira, com destaque para o papel dos jovens, as mudan\u00e7as recentes no Ensino M\u00e9dio e os impactos das pol\u00edticas p\u00fablicas, como o Programa Nacional do Livro e do Material Did\u00e1tico (PNLD). A publica\u00e7\u00e3o consolida-se como uma das principais iniciativas da Abrelivros para fomentar o debate qualificado sobre os rumos da educa\u00e7\u00e3o e da leitura no pa\u00eds.<\/p>\n<p><strong>Servi\u00e7o<\/strong><\/p>\n<p><strong>Lan\u00e7amento do Anu\u00e1rio Abrelivros 2025 &#8211; \u201cOs Jovens e o Ensino M\u00e9dio\u201d<\/strong><\/p>\n<p>21 de outubro, \u00e0s 14h30<\/p>\n<p>Unibes Cultural \u2013 Rua Oscar Freire, 2500, Sumar\u00e9, S\u00e3o Paulo (SP)<\/p>\n<p>Pain\u00e9is de debate seguidos de coquetel comemorativo<\/p>\n<p>As vagas s\u00e3o limitadas e sujeitas \u00e0 confirma\u00e7\u00e3o pr\u00e9via.<\/p>\n","protected":false},"excerpt":{"rendered":"Lan\u00e7amento do Anu\u00e1rio Abrelivros 2025 vai reunir especialistas para discutir juventude e Ensino M\u00e9dio Volume re\u00fane dados, an\u00e1lises&hellip;\n","protected":false},"author":2,"featured_media":109136,"comment_status":"","ping_status":"","sticky":false,"template":"","format":"standard","meta":{"footnotes":""},"categories":[143],"tags":[868,877,867,169,869,872,873,880,114,115,874,870,875,878,879,864,876,237,871,170,865,866,13,32,33],"class_list":{"0":"post-109135","1":"post","2":"type-post","3":"status-publish","4":"format-standard","5":"has-post-thumbnail","7":"category-livros","8":"tag-best-seller","9":"tag-biblioteca","10":"tag-bienal-do-livro","11":"tag-books","12":"tag-clipping","13":"tag-e-book","14":"tag-ebook","15":"tag-editora","16":"tag-entertainment","17":"tag-entretenimento","18":"tag-escritor","19":"tag-eventos","20":"tag-festival-literario","21":"tag-lancamentos","22":"tag-leitura","23":"tag-literatura","24":"tag-livraria","25":"tag-livro","26":"tag-livro-digital","27":"tag-livros","28":"tag-mercado-editorial","29":"tag-mercado-livreiro","30":"tag-noticias","31":"tag-portugal","32":"tag-pt"},"share_on_mastodon":{"url":"","error":""},"_links":{"self":[{"href":"https:\/\/www.europesays.com\/pt\/wp-json\/wp\/v2\/posts\/109135","targetHints":{"allow":["GET"]}}],"collection":[{"href":"https:\/\/www.europesays.com\/pt\/wp-json\/wp\/v2\/posts"}],"about":[{"href":"https:\/\/www.europesays.com\/pt\/wp-json\/wp\/v2\/types\/post"}],"author":[{"embeddable":true,"href":"https:\/\/www.europesays.com\/pt\/wp-json\/wp\/v2\/users\/2"}],"replies":[{"embeddable":true,"href":"https:\/\/www.europesays.com\/pt\/wp-json\/wp\/v2\/comments?post=109135"}],"version-history":[{"count":0,"href":"https:\/\/www.europesays.com\/pt\/wp-json\/wp\/v2\/posts\/109135\/revisions"}],"wp:featuredmedia":[{"embeddable":true,"href":"https:\/\/www.europesays.com\/pt\/wp-json\/wp\/v2\/media\/109136"}],"wp:attachment":[{"href":"https:\/\/www.europesays.com\/pt\/wp-json\/wp\/v2\/media?parent=109135"}],"wp:term":[{"taxonomy":"category","embeddable":true,"href":"https:\/\/www.europesays.com\/pt\/wp-json\/wp\/v2\/categories?post=109135"},{"taxonomy":"post_tag","embeddable":true,"href":"https:\/\/www.europesays.com\/pt\/wp-json\/wp\/v2\/tags?post=109135"}],"curies":[{"name":"wp","href":"https:\/\/api.w.org\/{rel}","templated":true}]}}