{"id":109163,"date":"2025-10-13T15:21:16","date_gmt":"2025-10-13T15:21:16","guid":{"rendered":"https:\/\/www.europesays.com\/pt\/109163\/"},"modified":"2025-10-13T15:21:16","modified_gmt":"2025-10-13T15:21:16","slug":"justin-e-hailey-bieber-celebram-sete-anos-de-casamento-no-canada","status":"publish","type":"post","link":"https:\/\/www.europesays.com\/pt\/109163\/","title":{"rendered":"Justin e Hailey Bieber celebram sete anos de casamento no Canad\u00e1"},"content":{"rendered":"<p>Para celebrarem o s\u00e9timo anivers\u00e1rio de casamento, Justin e Hailey Bieber viajaram at\u00e9 \u00e0 Prov\u00edncia de Alberta, no Canad\u00e1. Nas redes sociais, o m\u00fasico &#8211; que \u00e9 natural do pa\u00eds da Am\u00e9rica do Norte &#8211; partilhou algumas imagens rom\u00e2nticas ao lado da fundadora da Rhode.<\/p>\n<p data-remotead-prev-elm=\"true\" data-remotead-elm-id=\"inread\">Durante a escapadinha rom\u00e2ntica, os dois aproveitaram para fazer um passeio de canoa pela Lagoa Louise, no Parque Nacional de Banff, conhecida pelas suas paisagens naturais. &#8220;Vamos sair mais vezes&#8221;, escreveu, no Instagram, a modelo e influenciadora.<\/p>\n<p>A viagem aconteceu cerca de um m\u00eas ap\u00f3s o cantor ter lan\u00e7ado dois \u00e1lbuns de est\u00fadio: Swag I e Swag II. O m\u00fasico n\u00e3o lan\u00e7ava nenhum \u00e1lbum h\u00e1 cerca de quatro anos, deixando os f\u00e3s em \u00eaxtase com os novos trabalhos discogr\u00e1ficos.<\/p>\n<p data-remotead-prev-elm=\"true\" data-remotead-elm-id=\"centro1\">Justin, de 31 anos, e Hailey, de 28, oficializaram a uni\u00e3o a 30 de setembro de 2018 num hotel de luxo na Carolina do Sul, nos EUA. Na cerim\u00f3nia, estiveram presentes cerca de 150 convidados. O primeiro filho em comum do casal, Jack Blues Bieber, nasceu a 22 de agosto do ano passado.<\/p>\n","protected":false},"excerpt":{"rendered":"Para celebrarem o s\u00e9timo anivers\u00e1rio de casamento, Justin e Hailey Bieber viajaram at\u00e9 \u00e0 Prov\u00edncia de Alberta, no&hellip;\n","protected":false},"author":2,"featured_media":109164,"comment_status":"","ping_status":"","sticky":false,"template":"","format":"standard","meta":{"footnotes":""},"categories":[145],"tags":[211,210,114,115,6637,1275,32,33,814],"class_list":{"0":"post-109163","1":"post","2":"type-post","3":"status-publish","4":"format-standard","5":"has-post-thumbnail","7":"category-celebridades","8":"tag-celebridades","9":"tag-celebrities","10":"tag-entertainment","11":"tag-entretenimento","12":"tag-hailey-bieber","13":"tag-justin-bieber","14":"tag-portugal","15":"tag-pt","16":"tag-viagem"},"share_on_mastodon":{"url":"","error":""},"_links":{"self":[{"href":"https:\/\/www.europesays.com\/pt\/wp-json\/wp\/v2\/posts\/109163","targetHints":{"allow":["GET"]}}],"collection":[{"href":"https:\/\/www.europesays.com\/pt\/wp-json\/wp\/v2\/posts"}],"about":[{"href":"https:\/\/www.europesays.com\/pt\/wp-json\/wp\/v2\/types\/post"}],"author":[{"embeddable":true,"href":"https:\/\/www.europesays.com\/pt\/wp-json\/wp\/v2\/users\/2"}],"replies":[{"embeddable":true,"href":"https:\/\/www.europesays.com\/pt\/wp-json\/wp\/v2\/comments?post=109163"}],"version-history":[{"count":0,"href":"https:\/\/www.europesays.com\/pt\/wp-json\/wp\/v2\/posts\/109163\/revisions"}],"wp:featuredmedia":[{"embeddable":true,"href":"https:\/\/www.europesays.com\/pt\/wp-json\/wp\/v2\/media\/109164"}],"wp:attachment":[{"href":"https:\/\/www.europesays.com\/pt\/wp-json\/wp\/v2\/media?parent=109163"}],"wp:term":[{"taxonomy":"category","embeddable":true,"href":"https:\/\/www.europesays.com\/pt\/wp-json\/wp\/v2\/categories?post=109163"},{"taxonomy":"post_tag","embeddable":true,"href":"https:\/\/www.europesays.com\/pt\/wp-json\/wp\/v2\/tags?post=109163"}],"curies":[{"name":"wp","href":"https:\/\/api.w.org\/{rel}","templated":true}]}}