{"id":109165,"date":"2025-10-13T15:23:07","date_gmt":"2025-10-13T15:23:07","guid":{"rendered":"https:\/\/www.europesays.com\/pt\/109165\/"},"modified":"2025-10-13T15:23:07","modified_gmt":"2025-10-13T15:23:07","slug":"salao-do-livro-antigo-regressa-a-coimbra-para-a-segunda-edicao-new-in-coimbra","status":"publish","type":"post","link":"https:\/\/www.europesays.com\/pt\/109165\/","title":{"rendered":"Sal\u00e3o do Livro Antigo regressa a Coimbra para a segunda edi\u00e7\u00e3o \u2014 New in Coimbra"},"content":{"rendered":"<p>Com uma tradi\u00e7\u00e3o cultural e liter\u00e1ria secular, Coimbra destaca-se pela riqueza do seu patrim\u00f3nio, sendo a Biblioteca Joanina da Universidade um dos seus ex-libris mais impressionantes.\u00a0<\/p>\n<p>Inserida no Pa\u00e7o das Escolas, esta joia arquitet\u00f3nica do s\u00e9culo XVIII \u00e9 reconhecida como uma das bibliotecas barrocas mais not\u00e1veis da Europa. Mandada construir por D. Jo\u00e3o V, entre 1717 e 1728, reflete o empenho do rei na promo\u00e7\u00e3o das artes e da ci\u00eancia.<\/p>\n<p>A Biblioteca Joanina acolhe cerca de 70 mil exemplares, incluindo cole\u00e7\u00f5es raras de obras antigas que abrangem \u00e1reas como a medicina, a filosofia, a hist\u00f3ria e o direito. O interesse que exemplares deste g\u00e9nero despertam \u00e9 tamb\u00e9m promovido pela C\u00e2mara Municipal.<\/p>\n<p>O Sal\u00e3o do Livro Antigo, organizado pela autarquia, regressa entre 6 e 9 de novembro. Esta segunda edi\u00e7\u00e3o, promovida pela Divis\u00e3o de Bibliotecas e Arquivo Hist\u00f3rico, vai decorrer na Casa Municipal da Cultura, com um programa \u201crecheado de novidades\u201d, que dever\u00e1 ser anunciado brevemente.<\/p>\n<p>A iniciativa tem como objetivo valorizar e dar a conhecer o esp\u00f3lio da Biblioteca Municipal de Coimbra, bem como promover o alargamento da oferta cultural \u201cque a cidade disponibiliza a diversos p\u00fablicos\u201d, avan\u00e7a a organiza\u00e7\u00e3o.<\/p>\n<p>A edi\u00e7\u00e3o deste ano promete reunir especialistas e investigadores de diferentes \u00e1reas, v\u00e1rias confer\u00eancias, debates e momentos de reflex\u00e3o. Contar\u00e1 ainda com um vasto leque de livreiros especializados de diferentes zonas do pa\u00eds, assim como venda e mostras de livros.<\/p>\n<p>No ano passado, estiveram presentes no Sal\u00e3o do Livro Antigo cerca de 500 pessoas. A autarquia pretende, desta vez, \u201cconsolidar o evento e torn\u00e1-lo numa refer\u00eancia na agenda <a href=\"https:\/\/www.instagram.com\/explore\/locations\/269262289\/casa-municipal-da-cultura-de-coimbra\/\" target=\"_blank\" rel=\"nofollow noopener\">cultural<\/a> de Coimbra\u201d.<\/p>\n<p>\t\t\t\t<script async src=\"\/\/www.instagram.com\/embed.js\"><\/script><\/p>\n","protected":false},"excerpt":{"rendered":"Com uma tradi\u00e7\u00e3o cultural e liter\u00e1ria secular, Coimbra destaca-se pela riqueza do seu patrim\u00f3nio, sendo a Biblioteca Joanina&hellip;\n","protected":false},"author":2,"featured_media":109166,"comment_status":"","ping_status":"","sticky":false,"template":"","format":"standard","meta":{"footnotes":""},"categories":[143],"tags":[169,114,115,170,32,33],"class_list":{"0":"post-109165","1":"post","2":"type-post","3":"status-publish","4":"format-standard","5":"has-post-thumbnail","7":"category-livros","8":"tag-books","9":"tag-entertainment","10":"tag-entretenimento","11":"tag-livros","12":"tag-portugal","13":"tag-pt"},"share_on_mastodon":{"url":"","error":""},"_links":{"self":[{"href":"https:\/\/www.europesays.com\/pt\/wp-json\/wp\/v2\/posts\/109165","targetHints":{"allow":["GET"]}}],"collection":[{"href":"https:\/\/www.europesays.com\/pt\/wp-json\/wp\/v2\/posts"}],"about":[{"href":"https:\/\/www.europesays.com\/pt\/wp-json\/wp\/v2\/types\/post"}],"author":[{"embeddable":true,"href":"https:\/\/www.europesays.com\/pt\/wp-json\/wp\/v2\/users\/2"}],"replies":[{"embeddable":true,"href":"https:\/\/www.europesays.com\/pt\/wp-json\/wp\/v2\/comments?post=109165"}],"version-history":[{"count":0,"href":"https:\/\/www.europesays.com\/pt\/wp-json\/wp\/v2\/posts\/109165\/revisions"}],"wp:featuredmedia":[{"embeddable":true,"href":"https:\/\/www.europesays.com\/pt\/wp-json\/wp\/v2\/media\/109166"}],"wp:attachment":[{"href":"https:\/\/www.europesays.com\/pt\/wp-json\/wp\/v2\/media?parent=109165"}],"wp:term":[{"taxonomy":"category","embeddable":true,"href":"https:\/\/www.europesays.com\/pt\/wp-json\/wp\/v2\/categories?post=109165"},{"taxonomy":"post_tag","embeddable":true,"href":"https:\/\/www.europesays.com\/pt\/wp-json\/wp\/v2\/tags?post=109165"}],"curies":[{"name":"wp","href":"https:\/\/api.w.org\/{rel}","templated":true}]}}