{"id":109169,"date":"2025-10-13T15:26:08","date_gmt":"2025-10-13T15:26:08","guid":{"rendered":"https:\/\/www.europesays.com\/pt\/109169\/"},"modified":"2025-10-13T15:26:08","modified_gmt":"2025-10-13T15:26:08","slug":"young-washington-filme-do-estudio-de-som-da-liberdade-ganha-trailer","status":"publish","type":"post","link":"https:\/\/www.europesays.com\/pt\/109169\/","title":{"rendered":"Young Washington | Filme do est\u00fadio de Som da Liberdade ganha trailer"},"content":{"rendered":"<p><strong>Young Washington<\/strong>,\u00a0o novo filme do\u00a0<strong>Angel Studios<\/strong>,\u00a0o est\u00fadio de\u00a0<strong>O Som da Liberdade<\/strong>,\u00a0acaba de ganhar seu primeiro trailer. Assista acima!<\/p>\n<p>Leia a sinopse oficial: &#8220;Na fronteira da Am\u00e9rica colonial, a hist\u00f3ria n\u00e3o contada da origem de George Washington, ent\u00e3o com 22 anos, se desenrola \u2014 muito antes da Revolu\u00e7\u00e3o, muito antes da Constitui\u00e7\u00e3o \u2014 quando um \u00fanico erro quase lhe custou tudo. Ap\u00f3s desencadear a Guerra Franco-Ind\u00edgena, Washington precisa lidar com o fracasso pessoal, a perda devastadora e o peso da responsabilidade. O que emerge das cinzas n\u00e3o \u00e9 apenas um l\u00edder militar, mas um homem forjado pela humildade, coragem e convic\u00e7\u00e3o&#8221;.<\/p>\n<p>O filme \u00e9 estrelado por <strong>William Franklyn-Miller<\/strong> e por <strong>Mary-Louise Parker<\/strong>. O elenco ainda inclui <strong>Kelsey Grammer<\/strong>, <strong>Andy Serkis<\/strong> e <strong>Ben Kingsley<\/strong>.\u00a0Young Washington\u00a0\u00e9 dirigido por <strong>Jon Erwin,<\/strong> que assina o roteiro junto a <strong>Diederik Hoogstraten<\/strong> e<strong> Tom<\/strong> <strong>Provost<\/strong>.<\/p>\n<p>Nos Estados Unidos, o jogo chega em junho de 2026. No Brasil, ainda n\u00e3o h\u00e1 distribui\u00e7\u00e3o confirmada.<\/p>\n","protected":false},"excerpt":{"rendered":"Young Washington,\u00a0o novo filme do\u00a0Angel Studios,\u00a0o est\u00fadio de\u00a0O Som da Liberdade,\u00a0acaba de ganhar seu primeiro trailer. Assista acima!&hellip;\n","protected":false},"author":2,"featured_media":109170,"comment_status":"","ping_status":"","sticky":false,"template":"","format":"standard","meta":{"footnotes":""},"categories":[140],"tags":[114,115,147,148,146,32,33],"class_list":{"0":"post-109169","1":"post","2":"type-post","3":"status-publish","4":"format-standard","5":"has-post-thumbnail","7":"category-filmes","8":"tag-entertainment","9":"tag-entretenimento","10":"tag-film","11":"tag-filmes","12":"tag-movies","13":"tag-portugal","14":"tag-pt"},"share_on_mastodon":{"url":"","error":""},"_links":{"self":[{"href":"https:\/\/www.europesays.com\/pt\/wp-json\/wp\/v2\/posts\/109169","targetHints":{"allow":["GET"]}}],"collection":[{"href":"https:\/\/www.europesays.com\/pt\/wp-json\/wp\/v2\/posts"}],"about":[{"href":"https:\/\/www.europesays.com\/pt\/wp-json\/wp\/v2\/types\/post"}],"author":[{"embeddable":true,"href":"https:\/\/www.europesays.com\/pt\/wp-json\/wp\/v2\/users\/2"}],"replies":[{"embeddable":true,"href":"https:\/\/www.europesays.com\/pt\/wp-json\/wp\/v2\/comments?post=109169"}],"version-history":[{"count":0,"href":"https:\/\/www.europesays.com\/pt\/wp-json\/wp\/v2\/posts\/109169\/revisions"}],"wp:featuredmedia":[{"embeddable":true,"href":"https:\/\/www.europesays.com\/pt\/wp-json\/wp\/v2\/media\/109170"}],"wp:attachment":[{"href":"https:\/\/www.europesays.com\/pt\/wp-json\/wp\/v2\/media?parent=109169"}],"wp:term":[{"taxonomy":"category","embeddable":true,"href":"https:\/\/www.europesays.com\/pt\/wp-json\/wp\/v2\/categories?post=109169"},{"taxonomy":"post_tag","embeddable":true,"href":"https:\/\/www.europesays.com\/pt\/wp-json\/wp\/v2\/tags?post=109169"}],"curies":[{"name":"wp","href":"https:\/\/api.w.org\/{rel}","templated":true}]}}