{"id":109171,"date":"2025-10-13T15:27:08","date_gmt":"2025-10-13T15:27:08","guid":{"rendered":"https:\/\/www.europesays.com\/pt\/109171\/"},"modified":"2025-10-13T15:27:08","modified_gmt":"2025-10-13T15:27:08","slug":"eleicoes-benfica-saiba-onde-e-quando-os-candidatos-vao-debater","status":"publish","type":"post","link":"https:\/\/www.europesays.com\/pt\/109171\/","title":{"rendered":"Elei\u00e7\u00f5es Benfica: saiba onde e quando os candidatos v\u00e3o debater"},"content":{"rendered":"<p>Os candidatos \u00e0 presid\u00eancia do Benfica v\u00e3o estar frente a frente, no pr\u00f3ximo dia 23 de outubro, no \u00fanico debate televisivo antes das elei\u00e7\u00f5es que acontecem dois dias depois (25 de outubro).<\/p>\n<p>Tal como previsto no regulamento eleitoral do clube, apresentado pela Mesa da Assembleia Geral, os seis representantes das respetivas candidaturas t\u00eam um debate marcado na BTV, que dever\u00e1 ter in\u00edcio \u00e0s 21h30.<\/p>\n<p>Recorde-se que, \u00e0s elei\u00e7\u00f5es presidenciais do Benfica, v\u00e3o a votos: Rui Costa, Jo\u00e3o Noronha Lopes, Jo\u00e3o Diogo Manteigas, Lu\u00eds Filipe Vieira, Martim Mayer e Crist\u00f3v\u00e3o Carvalho.<\/p>\n<p>Refira-se que antes disso, j\u00e1 esta ter\u00e7a-feira, dia 14 de outubro, <strong><a href=\"https:\/\/maisfutebol.iol.pt\/benfica\/eleicoes-benfica\/eleicoes-benfica-entrevistas-aos-candidatos-decorrem-esta-terca-feira\" rel=\"nofollow noopener\" target=\"_blank\">todos os candidatos passar\u00e3o tamb\u00e9m BTV, para entrevistas individuais de meia-hora<\/a><\/strong>, que ser\u00e3o gravadas e transmitidas \u00e0 noite, todas de seguida.<\/p>\n","protected":false},"excerpt":{"rendered":"Os candidatos \u00e0 presid\u00eancia do Benfica v\u00e3o estar frente a frente, no pr\u00f3ximo dia 23 de outubro, no&hellip;\n","protected":false},"author":2,"featured_media":21199,"comment_status":"","ping_status":"","sticky":false,"template":"","format":"standard","meta":{"footnotes":""},"categories":[87],"tags":[51,11738,14074,135,11568,19680,9940,5049,46,24241,32,33,47,6058,134],"class_list":{"0":"post-109171","1":"post","2":"type-post","3":"status-publish","4":"format-standard","5":"has-post-thumbnail","7":"category-desporto","8":"tag-benfica","9":"tag-cristovao-carvalho","10":"tag-debate","11":"tag-desporto","12":"tag-eleicoes-benfica","13":"tag-joao-diogo-manteigas","14":"tag-joao-noronha-lopes","15":"tag-luis-filipe-vieira","16":"tag-maisfutebol","17":"tag-martim-mayer","18":"tag-portugal","19":"tag-pt","20":"tag-pura-paixao","21":"tag-rui-costa","22":"tag-sports"},"share_on_mastodon":{"url":"","error":""},"_links":{"self":[{"href":"https:\/\/www.europesays.com\/pt\/wp-json\/wp\/v2\/posts\/109171","targetHints":{"allow":["GET"]}}],"collection":[{"href":"https:\/\/www.europesays.com\/pt\/wp-json\/wp\/v2\/posts"}],"about":[{"href":"https:\/\/www.europesays.com\/pt\/wp-json\/wp\/v2\/types\/post"}],"author":[{"embeddable":true,"href":"https:\/\/www.europesays.com\/pt\/wp-json\/wp\/v2\/users\/2"}],"replies":[{"embeddable":true,"href":"https:\/\/www.europesays.com\/pt\/wp-json\/wp\/v2\/comments?post=109171"}],"version-history":[{"count":0,"href":"https:\/\/www.europesays.com\/pt\/wp-json\/wp\/v2\/posts\/109171\/revisions"}],"wp:featuredmedia":[{"embeddable":true,"href":"https:\/\/www.europesays.com\/pt\/wp-json\/wp\/v2\/media\/21199"}],"wp:attachment":[{"href":"https:\/\/www.europesays.com\/pt\/wp-json\/wp\/v2\/media?parent=109171"}],"wp:term":[{"taxonomy":"category","embeddable":true,"href":"https:\/\/www.europesays.com\/pt\/wp-json\/wp\/v2\/categories?post=109171"},{"taxonomy":"post_tag","embeddable":true,"href":"https:\/\/www.europesays.com\/pt\/wp-json\/wp\/v2\/tags?post=109171"}],"curies":[{"name":"wp","href":"https:\/\/api.w.org\/{rel}","templated":true}]}}