{"id":109180,"date":"2025-10-13T15:33:06","date_gmt":"2025-10-13T15:33:06","guid":{"rendered":"https:\/\/www.europesays.com\/pt\/109180\/"},"modified":"2025-10-13T15:33:06","modified_gmt":"2025-10-13T15:33:06","slug":"ruas-da-galeria-de-paris-e-candido-dos-reis-na-baixa-do-porto-vao-ser-pedonais","status":"publish","type":"post","link":"https:\/\/www.europesays.com\/pt\/109180\/","title":{"rendered":"Ruas da Galeria de Paris e C\u00e2ndido dos Reis na baixa do Porto v\u00e3o ser pedonais"},"content":{"rendered":"<p>De acordo com um comunicado enviado \u00e0s reda\u00e7\u00f5es, a autarquia ainda liderada pelo independente Rui Moreira refere que a interven\u00e7\u00e3o arranca hoje &#8220;na Rua de C\u00e2ndido dos Reis e ter\u00e1 uma dura\u00e7\u00e3o estimada de dois meses&#8221;, mas &#8220;at\u00e9 ao final do m\u00eas, e com um prazo de execu\u00e7\u00e3o de seis meses, dada a maior complexidade t\u00e9cnica, os trabalhos alargam \u00e0 Rua da Galeria de Paris&#8221;.<\/p>\n<p data-remotead-prev-elm=\"true\" data-remotead-elm-id=\"inread\">Em causa est\u00e3o &#8220;duas interven\u00e7\u00f5es de requalifica\u00e7\u00e3o no cora\u00e7\u00e3o da baixa da cidade, na zona da Movida, para transformar as ruas C\u00e2ndido dos Reis e Galeria de Paris em espa\u00e7os prioritariamente pedonais&#8221;, estando a obra a cargo da empresa municipal Gest\u00e3o e Obras do Porto (GO Porto).<\/p>\n<p>Segundo a autarquia, &#8220;a data de arranque das interven\u00e7\u00f5es foi definida em articula\u00e7\u00e3o com os comerciantes locais para reduzir constrangimentos durante o per\u00edodo de maior aflu\u00eancia tur\u00edstica e comercial durante o ver\u00e3o&#8221;, assegurando que &#8220;durante o per\u00edodo de obras o com\u00e9rcio local manter-se-\u00e1 em funcionamento, garantindo a vitalidade diurna e noturna da zona&#8221;.<\/p>\n<p data-remotead-prev-elm=\"true\" data-remotead-elm-id=\"centro1\">A interven\u00e7\u00e3o na Rua C\u00e2ndido dos Reis &#8220;corresponde \u00e0 segunda fase de uma empreitada de pedonaliza\u00e7\u00e3o do centro hist\u00f3rico, que j\u00e1 incluiu as ruas de Santa Teresa e da F\u00e1brica&#8221; e prev\u00ea &#8220;o levantamento e reposi\u00e7\u00e3o do pavimento da via ao n\u00edvel dos passeios, a remo\u00e7\u00e3o dos dissuasores e o redimensionamento das caldeiras das \u00e1rvores, ajustando-as \u00e0 dimens\u00e3o atual das ra\u00edzes&#8221;, com custo de 251 mil euros.<\/p>\n<p>&#8220;O espa\u00e7o passar\u00e1 a ser predominantemente pedonal, mantendo a coexist\u00eancia entre pe\u00f5es e ve\u00edculos autorizados, tal como nas ruas j\u00e1 requalificadas&#8221;, pode ler-se nos documentos, e &#8220;a reorganiza\u00e7\u00e3o do pavimento e a sobreleva\u00e7\u00e3o da faixa de rodagem refor\u00e7ar\u00e3o a continuidade urbana da zona, uniformizando materiais e cotas at\u00e9 aos cruzamentos adjacentes&#8221;.<\/p>\n<p data-remotead-prev-elm=\"true\" data-remotead-elm-id=\"centro2\">Quanto \u00e0 Rua da Galeria de Paris, cujo arranque da obra est\u00e1 previsto para o final deste m\u00eas, ser\u00e1 objeto &#8220;de uma requalifica\u00e7\u00e3o profunda, com um prazo de execu\u00e7\u00e3o de 180 dias&#8221;, transformando a art\u00e9ria &#8220;numa rua com melhores condi\u00e7\u00f5es para a circula\u00e7\u00e3o pedonal, mas tamb\u00e9m vai intervir em infraestruturas enterradas, como a rede de saneamento, os ramais de \u00e1guas pluviais e a infraestrutura do Porto Digital&#8221;.<\/p>\n<p>&#8220;O projeto resgata o desenho hist\u00f3rico do in\u00edcio do s\u00e9culo XX, recriando o padr\u00e3o da antiga Pra\u00e7a de D. Pedro &#8211; atual Pra\u00e7a da Liberdade &#8211; em cal\u00e7ada portuguesa de pedra branca e negra&#8221;, mas &#8220;os passeios existentes em cubo mi\u00fado de granito e calc\u00e1rio ser\u00e3o preservados e integrados no novo desenho, e as antigas \u00e1reas de estacionamento passam a espa\u00e7o pedonal&#8221;.<\/p>\n","protected":false},"excerpt":{"rendered":"De acordo com um comunicado enviado \u00e0s reda\u00e7\u00f5es, a autarquia ainda liderada pelo independente Rui Moreira refere que&hellip;\n","protected":false},"author":2,"featured_media":109181,"comment_status":"","ping_status":"","sticky":false,"template":"","format":"standard","meta":{"footnotes":""},"categories":[10],"tags":[25974,27,28,25973,20018,15,16,25972,14,25,26,21,22,12,13,19,20,32,23,24,33,25971,25975,17,18,29,30,31],"class_list":{"0":"post-109180","1":"post","2":"type-post","3":"status-publish","4":"format-standard","5":"has-post-thumbnail","7":"category-portugal","8":"tag-baixa-do-porto","9":"tag-breaking-news","10":"tag-breakingnews","11":"tag-centro-historico-do-porto","12":"tag-concelho-porto","13":"tag-featured-news","14":"tag-featurednews","15":"tag-galerias-de-paris","16":"tag-headlines","17":"tag-latest-news","18":"tag-latestnews","19":"tag-main-news","20":"tag-mainnews","21":"tag-news","22":"tag-noticias","23":"tag-noticias-principais","24":"tag-noticiasprincipais","25":"tag-portugal","26":"tag-principais-noticias","27":"tag-principaisnoticias","28":"tag-pt","29":"tag-rua-candido-dos-reis","30":"tag-ruas-pedonais","31":"tag-top-stories","32":"tag-topstories","33":"tag-ultimas","34":"tag-ultimas-noticias","35":"tag-ultimasnoticias"},"share_on_mastodon":{"url":"","error":""},"_links":{"self":[{"href":"https:\/\/www.europesays.com\/pt\/wp-json\/wp\/v2\/posts\/109180","targetHints":{"allow":["GET"]}}],"collection":[{"href":"https:\/\/www.europesays.com\/pt\/wp-json\/wp\/v2\/posts"}],"about":[{"href":"https:\/\/www.europesays.com\/pt\/wp-json\/wp\/v2\/types\/post"}],"author":[{"embeddable":true,"href":"https:\/\/www.europesays.com\/pt\/wp-json\/wp\/v2\/users\/2"}],"replies":[{"embeddable":true,"href":"https:\/\/www.europesays.com\/pt\/wp-json\/wp\/v2\/comments?post=109180"}],"version-history":[{"count":0,"href":"https:\/\/www.europesays.com\/pt\/wp-json\/wp\/v2\/posts\/109180\/revisions"}],"wp:featuredmedia":[{"embeddable":true,"href":"https:\/\/www.europesays.com\/pt\/wp-json\/wp\/v2\/media\/109181"}],"wp:attachment":[{"href":"https:\/\/www.europesays.com\/pt\/wp-json\/wp\/v2\/media?parent=109180"}],"wp:term":[{"taxonomy":"category","embeddable":true,"href":"https:\/\/www.europesays.com\/pt\/wp-json\/wp\/v2\/categories?post=109180"},{"taxonomy":"post_tag","embeddable":true,"href":"https:\/\/www.europesays.com\/pt\/wp-json\/wp\/v2\/tags?post=109180"}],"curies":[{"name":"wp","href":"https:\/\/api.w.org\/{rel}","templated":true}]}}