{"id":109184,"date":"2025-10-13T15:38:20","date_gmt":"2025-10-13T15:38:20","guid":{"rendered":"https:\/\/www.europesays.com\/pt\/109184\/"},"modified":"2025-10-13T15:38:20","modified_gmt":"2025-10-13T15:38:20","slug":"pedro-e-bruno-chocados-com-atitude-de-liliana-se-tiver-de-eliminar-o-fabio-vai-faze-lo-secret-story","status":"publish","type":"post","link":"https:\/\/www.europesays.com\/pt\/109184\/","title":{"rendered":"Pedro e Bruno chocados com atitude de Liliana: \u00abSe tiver de eliminar o F\u00e1bio, vai faz\u00ea-lo\u00bb &#8211; Secret Story"},"content":{"rendered":"<p>Na cadeira quente p\u00f3s gala do Secret Story, Pedro e Bruno mostram-se chocados com uma atitude de Liliana. \u00c9 que a concorrente preferiu dar a imunidade a si pr\u00f3pria e n\u00e3o pensou em F\u00e1bio, que j\u00e1 tem ido muitas vezes a nomea\u00e7\u00f5es. Pedro e Bruno n\u00e3o tem d\u00favidas que Liliana s\u00f3 pensa nela e que o \u00abjogo est\u00e1 \u00e0 frente dos sentimentos\u00bb. \u00abSe tiver de eliminar o F\u00e1bio, vai faz\u00ea-lo\u00bb.\u00a0<\/p>\n<p>\u00a0<\/p>\n<p>L\u00eddia foi a concorrente expulsa na gala deste domingo. Ap\u00f3s abandonar a casa mais vigiada do Pa\u00eds, L\u00eddia ficou em choque ao descobrir o segredo que une Marisa a Pedro Jorge. Veja o v\u00eddeo do momento aqui:<\/p>\n<p><a href=\"https:\/\/tvi.iol.pt\/secretstory\/videos\/viral-esta-foi-a-reacao-hilariante-de-lidia-ao-descobrir-o-segredo-de-marisa\/68ec3ac80cf29d28d828d282\" rel=\"nofollow noopener\" target=\"_blank\">Viral: Esta foi a rea\u00e7\u00e3o hilariante de L\u00eddia ao descobrir o segredo de Marisa<\/a><\/p>\n","protected":false},"excerpt":{"rendered":"Na cadeira quente p\u00f3s gala do Secret Story, Pedro e Bruno mostram-se chocados com uma atitude de Liliana.&hellip;\n","protected":false},"author":2,"featured_media":109185,"comment_status":"","ping_status":"","sticky":false,"template":"","format":"standard","meta":{"footnotes":""},"categories":[142],"tags":[3768,114,115,19033,19016,19034,14646,32,33,151,19032],"class_list":{"0":"post-109184","1":"post","2":"type-post","3":"status-publish","4":"format-standard","5":"has-post-thumbnail","7":"category-tv","8":"tag-bruno","9":"tag-entertainment","10":"tag-entretenimento","11":"tag-galas-em-video","12":"tag-liliana","13":"tag-melhores-momentos-casa-dos-segredos","14":"tag-pedro","15":"tag-portugal","16":"tag-pt","17":"tag-tv","18":"tag-videos-secret-story-tvi"},"share_on_mastodon":{"url":"","error":""},"_links":{"self":[{"href":"https:\/\/www.europesays.com\/pt\/wp-json\/wp\/v2\/posts\/109184","targetHints":{"allow":["GET"]}}],"collection":[{"href":"https:\/\/www.europesays.com\/pt\/wp-json\/wp\/v2\/posts"}],"about":[{"href":"https:\/\/www.europesays.com\/pt\/wp-json\/wp\/v2\/types\/post"}],"author":[{"embeddable":true,"href":"https:\/\/www.europesays.com\/pt\/wp-json\/wp\/v2\/users\/2"}],"replies":[{"embeddable":true,"href":"https:\/\/www.europesays.com\/pt\/wp-json\/wp\/v2\/comments?post=109184"}],"version-history":[{"count":0,"href":"https:\/\/www.europesays.com\/pt\/wp-json\/wp\/v2\/posts\/109184\/revisions"}],"wp:featuredmedia":[{"embeddable":true,"href":"https:\/\/www.europesays.com\/pt\/wp-json\/wp\/v2\/media\/109185"}],"wp:attachment":[{"href":"https:\/\/www.europesays.com\/pt\/wp-json\/wp\/v2\/media?parent=109184"}],"wp:term":[{"taxonomy":"category","embeddable":true,"href":"https:\/\/www.europesays.com\/pt\/wp-json\/wp\/v2\/categories?post=109184"},{"taxonomy":"post_tag","embeddable":true,"href":"https:\/\/www.europesays.com\/pt\/wp-json\/wp\/v2\/tags?post=109184"}],"curies":[{"name":"wp","href":"https:\/\/api.w.org\/{rel}","templated":true}]}}