{"id":109197,"date":"2025-10-13T15:46:14","date_gmt":"2025-10-13T15:46:14","guid":{"rendered":"https:\/\/www.europesays.com\/pt\/109197\/"},"modified":"2025-10-13T15:46:14","modified_gmt":"2025-10-13T15:46:14","slug":"trio-de-economistas-ganha-nobel-pelo-trabalho-sobre-o-crescimento-economico-impulsionado-pela-inovacao","status":"publish","type":"post","link":"https:\/\/www.europesays.com\/pt\/109197\/","title":{"rendered":"Trio de economistas ganha Nobel pelo trabalho sobre o crescimento econ\u00f3mico impulsionado pela inova\u00e7\u00e3o"},"content":{"rendered":"<p>\u201cO pr\u00e9mio deste ano \u00e9 sobre cria\u00e7\u00e3o e destrui\u00e7\u00e3o\u201d, disse Hans Ellegren, secret\u00e1rio-geral da Real Academia Sueca de Ci\u00eancias, no an\u00fancio do Pr\u00e9mio Sveriges Riksbank de Ci\u00eancias Econ\u00f3micas de 2025, conhecido como Nobel da Economia. Joel Mokyr, Philippe Aghion e Peter Howitt s\u00e3o o trio galardoado pelos seus estudos sobre o \u201ccrescimento econ\u00f3mico impulsionado pela inova\u00e7\u00e3o\u201d.<\/p>\n<p>&#8220;Nos \u00faltimos dois s\u00e9culos, pela primeira vez na hist\u00f3ria, o mundo testemunhou um crescimento econ\u00f3mico sustentado&#8221;, mas este crescimento n\u00e3o pode ser tomado como garantido. &#8220;A estagna\u00e7\u00e3o econ\u00f3mica, e n\u00e3o o crescimento, tem sido a norma na maior parte da hist\u00f3ria da humanidade. O seu trabalho mostra que devemos estar cientes das amea\u00e7as ao crescimento cont\u00ednuo e combat\u00ea-las&#8221;, diz a Real Academia Sueca de Ci\u00eancias em <a href=\"https:\/\/www.nobelprize.org\/prizes\/economic-sciences\/2025\/press-release\/\" target=\"_blank\" rel=\"noopener noreferrer nofollow\">comunicado<\/a>.<\/p>\n<p>Joel Mokyr, da Universidade de Northwestern, nos EUA, foi laureado por ter identificado os \u201cpr\u00e9-requisitos para o crescimento sustentado atrav\u00e9s do progresso tecnol\u00f3gico\u201d. Demonstrou que, \u201cpara que as inova\u00e7\u00f5es se sucedam num processo autogerado, n\u00e3o s\u00f3 precisamos de saber que algo funciona, mas tamb\u00e9m precisamos de ter explica\u00e7\u00f5es cient\u00edficas para o porqu\u00ea\u201d, l\u00ea-se.<\/p>\n<p>Philippe Aghion, do Coll\u00e8ge de France e da London School of Economics and Political Science, no Reino Unido, e Peter Howitt, da Universidade Brown, nos EUA, desenvolveram a \u201cteoria do crescimento sustentado atrav\u00e9s da destrui\u00e7\u00e3o criativa\u201d, ou seja, \u201cquando um produto novo e melhor entra no mercado, as empresas que vendem os produtos mais antigos perdem\u201d. O que significa que a inova\u00e7\u00e3o tanto \u00e9 criativa como tamb\u00e9m \u00e9 destrutiva, \u201cpois a empresa cuja tecnologia se torna ultrapassada \u00e9 superada pela concorr\u00eancia\u201d.<\/p>\n<p>\u201cO trabalho dos laureados mostra que o crescimento econ\u00f3mico n\u00e3o pode ser dado como garantido. Devemos defender os mecanismos que sustentam a destrui\u00e7\u00e3o criativa, para n\u00e3o voltarmos a cair na estagna\u00e7\u00e3o\u201d, afirma John Hassler, presidente do Comit\u00e9 do Pr\u00e9mio em Ci\u00eancias Econ\u00f3micas, no mesmo comunicado.<\/p>\n<p>A desigualdade de riqueza entre as na\u00e7\u00f5es mundiais, especialmente aquelas onde imperam as ditaduras, foi o tema que <a href=\"https:\/\/expresso.pt\/economia\/2024-10-14-trio-de-economistas-ganha-nobel-por-trabalhos-sobre-desigualdade-entre-paises-conheca-os-premiados-7a9a66d4\" rel=\"nofollow noopener\" target=\"_blank\">valeu no ano passado<\/a> o galard\u00e3o ao trio Daron Acemoglu, James Robinson e Simon Johnson.<\/p>\n","protected":false},"excerpt":{"rendered":"\u201cO pr\u00e9mio deste ano \u00e9 sobre cria\u00e7\u00e3o e destrui\u00e7\u00e3o\u201d, disse Hans Ellegren, secret\u00e1rio-geral da Real Academia Sueca de&hellip;\n","protected":false},"author":2,"featured_media":109198,"comment_status":"","ping_status":"","sticky":false,"template":"","format":"standard","meta":{"footnotes":""},"categories":[50],"tags":[27,28,15,16,14,25,26,21,22,62,12,13,19,20,23,24,17,18,29,30,31,63,64,65],"class_list":{"0":"post-109197","1":"post","2":"type-post","3":"status-publish","4":"format-standard","5":"has-post-thumbnail","7":"category-mundo","8":"tag-breaking-news","9":"tag-breakingnews","10":"tag-featured-news","11":"tag-featurednews","12":"tag-headlines","13":"tag-latest-news","14":"tag-latestnews","15":"tag-main-news","16":"tag-mainnews","17":"tag-mundo","18":"tag-news","19":"tag-noticias","20":"tag-noticias-principais","21":"tag-noticiasprincipais","22":"tag-principais-noticias","23":"tag-principaisnoticias","24":"tag-top-stories","25":"tag-topstories","26":"tag-ultimas","27":"tag-ultimas-noticias","28":"tag-ultimasnoticias","29":"tag-world","30":"tag-world-news","31":"tag-worldnews"},"share_on_mastodon":{"url":"","error":""},"_links":{"self":[{"href":"https:\/\/www.europesays.com\/pt\/wp-json\/wp\/v2\/posts\/109197","targetHints":{"allow":["GET"]}}],"collection":[{"href":"https:\/\/www.europesays.com\/pt\/wp-json\/wp\/v2\/posts"}],"about":[{"href":"https:\/\/www.europesays.com\/pt\/wp-json\/wp\/v2\/types\/post"}],"author":[{"embeddable":true,"href":"https:\/\/www.europesays.com\/pt\/wp-json\/wp\/v2\/users\/2"}],"replies":[{"embeddable":true,"href":"https:\/\/www.europesays.com\/pt\/wp-json\/wp\/v2\/comments?post=109197"}],"version-history":[{"count":0,"href":"https:\/\/www.europesays.com\/pt\/wp-json\/wp\/v2\/posts\/109197\/revisions"}],"wp:featuredmedia":[{"embeddable":true,"href":"https:\/\/www.europesays.com\/pt\/wp-json\/wp\/v2\/media\/109198"}],"wp:attachment":[{"href":"https:\/\/www.europesays.com\/pt\/wp-json\/wp\/v2\/media?parent=109197"}],"wp:term":[{"taxonomy":"category","embeddable":true,"href":"https:\/\/www.europesays.com\/pt\/wp-json\/wp\/v2\/categories?post=109197"},{"taxonomy":"post_tag","embeddable":true,"href":"https:\/\/www.europesays.com\/pt\/wp-json\/wp\/v2\/tags?post=109197"}],"curies":[{"name":"wp","href":"https:\/\/api.w.org\/{rel}","templated":true}]}}