{"id":109199,"date":"2025-10-13T15:49:14","date_gmt":"2025-10-13T15:49:14","guid":{"rendered":"https:\/\/www.europesays.com\/pt\/109199\/"},"modified":"2025-10-13T15:49:14","modified_gmt":"2025-10-13T15:49:14","slug":"cristina-ferreira-acorda-em-manha-diferente-sabe-me-a-natal","status":"publish","type":"post","link":"https:\/\/www.europesays.com\/pt\/109199\/","title":{"rendered":"Cristina Ferreira acorda em manh\u00e3 diferente: &#8220;Sabe-me a Natal&#8221;"},"content":{"rendered":"<p>A manh\u00e3 desta segunda-feira, dia 13, est\u00e1 a ser diferente para <a href=\"https:\/\/selfie.iol.pt\/famosos\/casa-dos-segredos\/cristina-ferreira-aumenta-a-temperatura-em-look-com-detalhe-muito-sensual\/20251012\/68ec1d50d34ee0c2fed12bc4\" target=\"_blank\" rel=\"nofollow noopener\">Cristina Ferreira<\/a>, visto que n\u00e3o h\u00e1 emiss\u00e3o do programa &#8220;<a href=\"https:\/\/tvi.iol.pt\/doisas10\/\" target=\"_blank\" rel=\"nofollow noopener\">Dois \u00e0s 10<\/a>&#8220;, devido \u00e0 transmiss\u00e3o das cerim\u00f3nias religiosas de 13 de outubro.<\/p>\n<p>No Instagram, a apresentadora, de 48 anos, mostrou-se feliz por esta segunda-feira fora do habitual. &#8220;N\u00e3o imaginam a diferen\u00e7a que \u00e9 dormir mais de quatro horas neste dia&#8221;, come\u00e7ou por referir Cristina Ferreira.<\/p>\n<p>&#8220;Esta segunda-feira sabe-me a Natal&#8221;, completou.<\/p>\n<p>Veja, agora, algumas das melhores imagens de Cristina Ferreira nas galerias de fotografias que prepar\u00e1mos para si.<\/p>\n<p><img decoding=\"async\" alt=\"\" onclick=\"\" src=\"https:\/\/www.europesays.com\/pt\/wp-content\/uploads\/2025\/10\/1760370553_183_1024.jpeg\" title=\"Cristina Ferreira\"\/><\/p>\n","protected":false},"excerpt":{"rendered":"A manh\u00e3 desta segunda-feira, dia 13, est\u00e1 a ser diferente para Cristina Ferreira, visto que n\u00e3o h\u00e1 emiss\u00e3o&hellip;\n","protected":false},"author":2,"featured_media":109200,"comment_status":"","ping_status":"","sticky":false,"template":"","format":"standard","meta":{"footnotes":""},"categories":[145],"tags":[3539,2632,211,210,166,801,114,115,980,1015,619,32,33,1012,162],"class_list":{"0":"post-109199","1":"post","2":"type-post","3":"status-publish","4":"format-standard","5":"has-post-thumbnail","7":"category-celebridades","8":"tag-apresentadora","9":"tag-casa-dos-segredos","10":"tag-celebridades","11":"tag-celebrities","12":"tag-cristina-ferreira","13":"tag-dois-as-10","14":"tag-entertainment","15":"tag-entretenimento","16":"tag-famosos","17":"tag-instagram","18":"tag-nacional","19":"tag-portugal","20":"tag-pt","21":"tag-selfie","22":"tag-tvi"},"share_on_mastodon":{"url":"","error":""},"_links":{"self":[{"href":"https:\/\/www.europesays.com\/pt\/wp-json\/wp\/v2\/posts\/109199","targetHints":{"allow":["GET"]}}],"collection":[{"href":"https:\/\/www.europesays.com\/pt\/wp-json\/wp\/v2\/posts"}],"about":[{"href":"https:\/\/www.europesays.com\/pt\/wp-json\/wp\/v2\/types\/post"}],"author":[{"embeddable":true,"href":"https:\/\/www.europesays.com\/pt\/wp-json\/wp\/v2\/users\/2"}],"replies":[{"embeddable":true,"href":"https:\/\/www.europesays.com\/pt\/wp-json\/wp\/v2\/comments?post=109199"}],"version-history":[{"count":0,"href":"https:\/\/www.europesays.com\/pt\/wp-json\/wp\/v2\/posts\/109199\/revisions"}],"wp:featuredmedia":[{"embeddable":true,"href":"https:\/\/www.europesays.com\/pt\/wp-json\/wp\/v2\/media\/109200"}],"wp:attachment":[{"href":"https:\/\/www.europesays.com\/pt\/wp-json\/wp\/v2\/media?parent=109199"}],"wp:term":[{"taxonomy":"category","embeddable":true,"href":"https:\/\/www.europesays.com\/pt\/wp-json\/wp\/v2\/categories?post=109199"},{"taxonomy":"post_tag","embeddable":true,"href":"https:\/\/www.europesays.com\/pt\/wp-json\/wp\/v2\/tags?post=109199"}],"curies":[{"name":"wp","href":"https:\/\/api.w.org\/{rel}","templated":true}]}}