{"id":109204,"date":"2025-10-13T15:55:07","date_gmt":"2025-10-13T15:55:07","guid":{"rendered":"https:\/\/www.europesays.com\/pt\/109204\/"},"modified":"2025-10-13T15:55:07","modified_gmt":"2025-10-13T15:55:07","slug":"zidane-encantado-com-dois-portugueses-nunca-perdem-a-bola","status":"publish","type":"post","link":"https:\/\/www.europesays.com\/pt\/109204\/","title":{"rendered":"Zidane encantado com dois portugueses: \u00abNunca perdem a bola\u00bb"},"content":{"rendered":"<p>Zinedine Zidane deixou rasgados elogios a Vitinha e Jo\u00e3o Neves, sobretudo \u00e0 capacidade que ambos t\u00eam com bola.<\/p>\n<p>Durante o Festival Desportivo de Trento, em It\u00e1lia, o antigo internacional franc\u00eas falava de Lamine Yamal e acabou por citar a dupla lusa que atravessa um excelente momento no meio-campo do PSG. Recorde-se que os parisienses conquistaram praticamente tudo o que havia para conquistar na \u00faltima temporada, com exce\u00e7\u00e3o para o Mundial de Clubes.<\/p>\n<p>\u00abYamal \u00e9 um jogador que impressiona quando toca na bola, al\u00e9m da posi\u00e7\u00e3o que ocupa em campo. Contra o Inter, na \u00e9poca passada, fez tudo. Nunca vi nada parecido na minha vida. O Vitinha e o Jo\u00e3o Neves tamb\u00e9m. Eles nunca perdem a bola\u00bb, confessou.<\/p>\n","protected":false},"excerpt":{"rendered":"Zinedine Zidane deixou rasgados elogios a Vitinha e Jo\u00e3o Neves, sobretudo \u00e0 capacidade que ambos t\u00eam com bola.&hellip;\n","protected":false},"author":2,"featured_media":109205,"comment_status":"","ping_status":"","sticky":false,"template":"","format":"standard","meta":{"footnotes":""},"categories":[87],"tags":[135,25982,208,233,8374,46,32,1758,33,47,134,7331,25981],"class_list":{"0":"post-109204","1":"post","2":"type-post","3":"status-publish","4":"format-standard","5":"has-post-thumbnail","7":"category-desporto","8":"tag-desporto","9":"tag-festival-desportivo-de-trento","10":"tag-franca","11":"tag-italia","12":"tag-joao-neves","13":"tag-maisfutebol","14":"tag-portugal","15":"tag-psg","16":"tag-pt","17":"tag-pura-paixao","18":"tag-sports","19":"tag-vitinha","20":"tag-zinedine-zidane"},"share_on_mastodon":{"url":"","error":""},"_links":{"self":[{"href":"https:\/\/www.europesays.com\/pt\/wp-json\/wp\/v2\/posts\/109204","targetHints":{"allow":["GET"]}}],"collection":[{"href":"https:\/\/www.europesays.com\/pt\/wp-json\/wp\/v2\/posts"}],"about":[{"href":"https:\/\/www.europesays.com\/pt\/wp-json\/wp\/v2\/types\/post"}],"author":[{"embeddable":true,"href":"https:\/\/www.europesays.com\/pt\/wp-json\/wp\/v2\/users\/2"}],"replies":[{"embeddable":true,"href":"https:\/\/www.europesays.com\/pt\/wp-json\/wp\/v2\/comments?post=109204"}],"version-history":[{"count":0,"href":"https:\/\/www.europesays.com\/pt\/wp-json\/wp\/v2\/posts\/109204\/revisions"}],"wp:featuredmedia":[{"embeddable":true,"href":"https:\/\/www.europesays.com\/pt\/wp-json\/wp\/v2\/media\/109205"}],"wp:attachment":[{"href":"https:\/\/www.europesays.com\/pt\/wp-json\/wp\/v2\/media?parent=109204"}],"wp:term":[{"taxonomy":"category","embeddable":true,"href":"https:\/\/www.europesays.com\/pt\/wp-json\/wp\/v2\/categories?post=109204"},{"taxonomy":"post_tag","embeddable":true,"href":"https:\/\/www.europesays.com\/pt\/wp-json\/wp\/v2\/tags?post=109204"}],"curies":[{"name":"wp","href":"https:\/\/api.w.org\/{rel}","templated":true}]}}