{"id":109214,"date":"2025-10-13T16:00:26","date_gmt":"2025-10-13T16:00:26","guid":{"rendered":"https:\/\/www.europesays.com\/pt\/109214\/"},"modified":"2025-10-13T16:00:26","modified_gmt":"2025-10-13T16:00:26","slug":"corrente-oceanica-mais-poderosa-do-planeta-esta-a-abrandar-sistema-essencial-flui-agora-tres-vezes-mais-devagar-do-que-ha-130-mil-anos-executive-digest","status":"publish","type":"post","link":"https:\/\/www.europesays.com\/pt\/109214\/","title":{"rendered":"Corrente oce\u00e2nica mais poderosa do planeta est\u00e1 a abrandar: sistema essencial flui agora tr\u00eas vezes mais devagar do que h\u00e1 130 mil anos &#8211; Executive Digest"},"content":{"rendered":"<ol>\n<li><a href=\"https:\/\/news.google.com\/rss\/articles\/CBMi-wFBVV95cUxOVl9VQ3hkSWJnZ1Zha1lBbVY2QUJwMmdBSGloUHlhX2ZsbHNIQ2hFOTFhVkRpQU1yQ0lvbVN3YTZtMW9KSVYxYVRDRFNOczI4ZDlSUmJOc29udzNtSkJzalMwUUpNVUVFSk54RFY3UlFCRkwxVXZoUUNyQThoNVFBTjAzaU1LeUpHZXNOcE1NZHYwNUxiTDcwR2lfOXdoSlBMT2FaVTU3TmUxYVB6cVhEUmwzdnN4aTZnWm4xVkJ4cktYaVh2NHdlWWZyRXZhZkZrNTMtYWJScVBFaFFvM0twdHZJNWp1VTVGZXNjT01MaUl4Zi1WVGFyVXdGMA?oc=5\" target=\"_blank\" rel=\"nofollow noopener\">Corrente oce\u00e2nica mais poderosa do planeta est\u00e1 a abrandar: sistema essencial flui agora tr\u00eas vezes mais devagar do que h\u00e1 130 mil anos<\/a>&nbsp;&nbsp;Executive Digest<\/li>\n<li><a href=\"https:\/\/news.google.com\/rss\/articles\/CBMizgFBVV95cUxOeGJ1c1o3bE1MT2hyNEYxN0V2eDY1WW82a2xrRDA3SE8yZllfbG40RmJkelFZZV82MElDX2RVOUZTYkZodGIxSVJDT2RHQ21FZVFFOVVZankzMmhiampKcW9uSlpITlRRdER5U2FWYldockUzQlpKeTBHRGVtOFM1d05yN1dKZmQ4RDNNNkFOYlIySFJIRFN2U3VnVzg3UjczaEk5dFZzdFpEQktxQ2ZrX2pkbXA5Vl9NWEx0SFU4eFZjTkZBbjFUMzN6VVo4QQ?oc=5\" target=\"_blank\" rel=\"nofollow noopener\">Movimento incomum no Oceano Atl\u00e2ntico deve desencadear frio devastador em v\u00e1rias partes do mundo<\/a>&nbsp;&nbsp;Di\u00e1rio do Com\u00e9rcio<\/li>\n<li><a href=\"https:\/\/news.google.com\/rss\/articles\/CBMiggJBVV95cUxQN1FNdGhEMUVQRXJrNHctSnFwUUVvdEZJY0VLUzRXcnc5bjlZUXZqbHBNY2JBSVZBLURBVlBwRTZDRGszMVoyM25uTmJPOUVHMV9zNV9kSU5jRk5aUlRnbGhrQ0RSZGVDWDJVY0o4akdDMHI2N2RuV0pBTFVHVDVVMWg3ZG5ZWndCN1N1aHQ1Z21LeVBuUjZoQ08tQk1WRnNEbHVMOGxzdEhfTzNaVGJJQTZySktlWjZOTWk0cmpGdEFoWlUwUVdQUmxuWkZwWS05SWYzOUREWWZibmI4NlVHN0RxXzdrc19iN3JEcHBQU3YzTS1aLWNTLWRwTzN1N2dZNlHSAZACQVVfeXFMT2tzWllsLU1pTDQ2YnRRYldlUFkyUWp1dzFzdGxDeHJrNnV3dFBvSDBKazNXcUEwc01USjFiRE5pcUJHZWczMmVTMTktWE1VemxNUXJ2TnotaGFIZU9hTlF2N1FJd1NBVGZTTlVWcFk3SEpWTkVOYUtWT2NFTVp1TGpvSEE0cFhRQWs1YkxIa0l4M2FGbzVvWl9WY1pNNl9RdFY1aGxWSjRfa3o0cUliWm5RcndNTV96a0ZjWUhDdkQ1V0lVNmJ2YkxQUnJGTWx0czQxaGxjempBNndXOVYtdzV6MTlWZ2JwbXFUUnhiVm1ZUXZqQzJhYUdKLVY1NDI3MHJvRE9PNF9FWVIybVNkQXg?oc=5\" target=\"_blank\" rel=\"nofollow noopener\">Corrente oce\u00e2nica no Atl\u00e2ntico Norte pode entrar em colapso e causar resfriamento global, alerta estudo<\/a>&nbsp;&nbsp;O Globo<\/li>\n<li><a href=\"https:\/\/news.google.com\/rss\/articles\/CBMiyAFBVV95cUxObXYyTzRvNTBNTXNKeVNkUmZRMGU4eGFpMi1xT1lpR1doZU5pZTlyUDhJZ2FjT1NGNmNjam9LMkFDZzlIaVBXandjaDNUXzNDcjJUMElYdmZtODdPUU9XbWhjMjRTS01odEZod3luZy0yMGtKazdlZjM0T1kyV252X2plQl9DRXJILTc3bndCUnU3cFdaVDBXX2s5dXY2V2hQd2tPRGRTU2M0R0lYMmhxaGdxd3lLWURRb3NnU0hNQ0oyeGRCNS00YQ?oc=5\" target=\"_blank\" rel=\"nofollow noopener\">Conchas revelam instabilidade in\u00e9dita em correntes do Atl\u00e2ntico, diz estudo<\/a>&nbsp;&nbsp;Olhar Digital<\/li>\n<li><a href=\"https:\/\/news.google.com\/rss\/articles\/CBMijwFBVV95cUxOXzZaazdjTjJWTkZmM1FmSzh0YThnWUI5OFRjWUxlMU9pQUJpQ1dmcGE3cnlPeUNiM0otS3dtYk5IaGF5WUZyNGNpM2J3ZEZvRVBQcFVUQmZ5ZnJESEtlaC1YckNiemRhWTZCb3ZmUFBqRXhkV1ZUZmZpNzJVWThyUXZ1eHBzWDZlbnVZNDc4VQ?oc=5\" target=\"_blank\" rel=\"nofollow noopener\">Cientistas alertam: o Atl\u00e2ntico pode \u201cdesligar\u201d em breve<\/a>&nbsp;&nbsp;gizmodo.com.br<\/li>\n<\/ol>\n","protected":false},"excerpt":{"rendered":"Corrente oce\u00e2nica mais poderosa do planeta est\u00e1 a abrandar: sistema essencial flui agora tr\u00eas vezes mais devagar do&hellip;\n","protected":false},"author":2,"featured_media":108540,"comment_status":"","ping_status":"","sticky":false,"template":"","format":"standard","meta":{"footnotes":""},"categories":[50],"tags":[27,28,15,16,14,25,26,21,22,62,12,13,19,20,23,24,17,18,29,30,31,63,64,65],"class_list":{"0":"post-109214","1":"post","2":"type-post","3":"status-publish","4":"format-standard","5":"has-post-thumbnail","7":"category-mundo","8":"tag-breaking-news","9":"tag-breakingnews","10":"tag-featured-news","11":"tag-featurednews","12":"tag-headlines","13":"tag-latest-news","14":"tag-latestnews","15":"tag-main-news","16":"tag-mainnews","17":"tag-mundo","18":"tag-news","19":"tag-noticias","20":"tag-noticias-principais","21":"tag-noticiasprincipais","22":"tag-principais-noticias","23":"tag-principaisnoticias","24":"tag-top-stories","25":"tag-topstories","26":"tag-ultimas","27":"tag-ultimas-noticias","28":"tag-ultimasnoticias","29":"tag-world","30":"tag-world-news","31":"tag-worldnews"},"share_on_mastodon":{"url":"","error":""},"_links":{"self":[{"href":"https:\/\/www.europesays.com\/pt\/wp-json\/wp\/v2\/posts\/109214","targetHints":{"allow":["GET"]}}],"collection":[{"href":"https:\/\/www.europesays.com\/pt\/wp-json\/wp\/v2\/posts"}],"about":[{"href":"https:\/\/www.europesays.com\/pt\/wp-json\/wp\/v2\/types\/post"}],"author":[{"embeddable":true,"href":"https:\/\/www.europesays.com\/pt\/wp-json\/wp\/v2\/users\/2"}],"replies":[{"embeddable":true,"href":"https:\/\/www.europesays.com\/pt\/wp-json\/wp\/v2\/comments?post=109214"}],"version-history":[{"count":0,"href":"https:\/\/www.europesays.com\/pt\/wp-json\/wp\/v2\/posts\/109214\/revisions"}],"wp:featuredmedia":[{"embeddable":true,"href":"https:\/\/www.europesays.com\/pt\/wp-json\/wp\/v2\/media\/108540"}],"wp:attachment":[{"href":"https:\/\/www.europesays.com\/pt\/wp-json\/wp\/v2\/media?parent=109214"}],"wp:term":[{"taxonomy":"category","embeddable":true,"href":"https:\/\/www.europesays.com\/pt\/wp-json\/wp\/v2\/categories?post=109214"},{"taxonomy":"post_tag","embeddable":true,"href":"https:\/\/www.europesays.com\/pt\/wp-json\/wp\/v2\/tags?post=109214"}],"curies":[{"name":"wp","href":"https:\/\/api.w.org\/{rel}","templated":true}]}}