{"id":109215,"date":"2025-10-13T16:03:09","date_gmt":"2025-10-13T16:03:09","guid":{"rendered":"https:\/\/www.europesays.com\/pt\/109215\/"},"modified":"2025-10-13T16:03:09","modified_gmt":"2025-10-13T16:03:09","slug":"debora-bloch-recebe-homenagem-e-se-emociona-em-encontro-com-o-pai-veja-video","status":"publish","type":"post","link":"https:\/\/www.europesays.com\/pt\/109215\/","title":{"rendered":"Debora Bloch recebe homenagem e se emociona em encontro com o pai; veja v\u00eddeo"},"content":{"rendered":"<p>\n                        Atriz recebeu declara\u00e7\u00f5es do pai e dos filhos e se emocionou com as lembran\u00e7as durante participa\u00e7\u00e3o no &#8216;Doming\u00e3o com Huck&#8217;\n                    <\/p>\n<p class=\"text\">O sucesso de <b>Debora Bloch<\/b> como <b>Odete Roitman<\/b> no remake de <b>Vale Tudo<\/b> foi celebrado no Doming\u00e3o com Huck desse domingo, 12. A atriz foi surpreendida com homenagens que a emocionaram ao longo da atra\u00e7\u00e3o.<\/p>\n<blockquote class=\"twitter-tweet\" id=\"1977517025695338895?ref_src=twsrc%5Etfw\">\n<p class=\"text\" dir=\"ltr\" lang=\"pt\">&#8220;Deby, mesmo que eu nao tivesse a alegria da carreira que eu tive. e fosse s\u00f3 o seu pai e da sua irm\u00e3, j\u00e1 seria<\/p>\n<p class=\"text\">suficiente pra minha vida valer a pena.&#8221; (Jonas Bloch) <a href=\"https:\/\/twitter.com\/hashtag\/Doming%C3%A3o?src=hash&amp;ref_src=twsrc%5Etfw\" target=\"_blank\" rel=\"nofollow noopener\">#Doming\u00e3o<\/a> <a href=\"https:\/\/t.co\/gfqeva5FY2\" target=\"_blank\" rel=\"nofollow\">pic.twitter.com\/gfqeva5FY2<\/a><\/p>\n<p> \u2014 S\u00e9rgio Santos (@ZAMENZA) <a href=\"https:\/\/twitter.com\/ZAMENZA\/status\/1977517025695338895?ref_src=twsrc%5Etfw\" target=\"_blank\" rel=\"nofollow noopener\">October 12, 2025<\/a>\n<\/p><\/blockquote>\n<p class=\"text\">Em v\u00eddeo, o ator <b>Jonas Bloch<\/b>, pai de Debora, relembrou momentos marcantes da inf\u00e2ncia da filha e a decis\u00e3o dela de seguir carreira art\u00edstica.<\/p>\n<p class=\"text\">&#8220;Quando ela estava prestes a prestar vestibular, eu perguntei o que ela queria ser. Ela pensou em v\u00e1rias coisas, inclusive em hist\u00f3ria, mas percebi algo diferente no comportamento dela. Perguntei o que estava acontecendo e ela me disse: &#8216;estou pensando que eu podia ser atriz'&#8221;, contou Jonas, que a apoiou desde o in\u00edcio.<\/p>\n<p class=\"text\">O ator tamb\u00e9m se declarou \u00e0 filha: &#8220;Mesmo que eu n\u00e3o tivesse tido a alegria da carreira que tive, que eu fosse s\u00f3 o seu pai e da sua irm\u00e3, j\u00e1 seria o suficiente para minha vida valer a pena.&#8221;<\/p>\n<p class=\"text\">Debora tamb\u00e9m recebeu mensagens dos filhos, J\u00falia e Hugo Anquier. &#8220;Faz parte da ess\u00eancia dela ser atriz, e eu acho isso muito bonito&#8221;, disse J\u00falia. J\u00e1 Hugo completou: &#8220;Voc\u00ea \u00e9 uma pessoa muito doce. Merece o mundo e mais um pouco. N\u00e3o tem como colocar em palavras.&#8221;<\/p>\n<blockquote class=\"twitter-tweet\" id=\"1977515123519500434?ref_src=twsrc%5Etfw\">\n<p class=\"text\" dir=\"ltr\" lang=\"pt\">Julia Anquier contando com orgulho da admira\u00e7\u00e3o que sente pela m\u00e3e, D\u00e9bora Bloch ???? AVISA QUE \u00c9 ELAAAAA! <a href=\"https:\/\/twitter.com\/hashtag\/Doming%C3%A3o?src=hash&amp;ref_src=twsrc%5Etfw\" target=\"_blank\" rel=\"nofollow noopener\">#Doming\u00e3o<\/a> <a href=\"https:\/\/t.co\/tAz9QUxEiC\" target=\"_blank\" rel=\"nofollow\">pic.twitter.com\/tAz9QUxEiC<\/a><\/p>\n<p>\u2014 TV Globo (@tvglobo) <a href=\"https:\/\/twitter.com\/tvglobo\/status\/1977515123519500434?ref_src=twsrc%5Etfw\" target=\"_blank\" rel=\"nofollow noopener\">October 12, 2025<\/a>\n<\/p><\/blockquote>\n<p class=\"text\">Colegas de trabalho e amigos, como Regina Cas\u00e9, Diogo Vilela e Luiz Fernando Guimar\u00e3es, tamb\u00e9m prestaram homenagens \u00e0 atriz.<\/p>\n<blockquote class=\"twitter-tweet\" id=\"1977516827921010806?ref_src=twsrc%5Etfw\">\n<p class=\"text\" dir=\"ltr\" lang=\"pt\">AAAA QUE AMOR! ??? O Jonas Bloch, pai da D\u00e9bora Bloch, chegou de surpresa no palco do <a href=\"https:\/\/twitter.com\/hashtag\/Doming%C3%A3o?src=hash&amp;ref_src=twsrc%5Etfw\" target=\"_blank\" rel=\"nofollow noopener\">#Doming\u00e3o<\/a> e t\u00e1 todo bab\u00e3o pela filha! ?? <a href=\"https:\/\/t.co\/FtaWoqF5P7\" target=\"_blank\" rel=\"nofollow\">pic.twitter.com\/FtaWoqF5P7<\/a><\/p>\n<p>\u2014 TV Globo (@tvglobo) <a href=\"https:\/\/twitter.com\/tvglobo\/status\/1977516827921010806?ref_src=twsrc%5Etfw\" target=\"_blank\" rel=\"nofollow noopener\">October 12, 2025<\/a>\n<\/p><\/blockquote>\n<p class=\"text\">Para encerrar as surpresas, Jonas Bloch apareceu no palco do programa, emocionando ainda mais a filha. &#8220;Meu pai \u00e9 tudo. Meu pai \u00e9 meu exemplo. Ele que me influenciou completamente a ser atriz. \u00c9 meu amor&#8221;, declarou Debora.<\/p>\n<p>                            <script async src=\"https:\/\/platform.twitter.com\/widgets.js\" charset=\"utf-8\"><\/script><\/p>\n","protected":false},"excerpt":{"rendered":"Atriz recebeu declara\u00e7\u00f5es do pai e dos filhos e se emocionou com as lembran\u00e7as durante participa\u00e7\u00e3o no &#8216;Doming\u00e3o&hellip;\n","protected":false},"author":2,"featured_media":89585,"comment_status":"","ping_status":"","sticky":false,"template":"","format":"standard","meta":{"footnotes":""},"categories":[145],"tags":[211,210,2324,5922,114,115,17390,32,33],"class_list":{"0":"post-109215","1":"post","2":"type-post","3":"status-publish","4":"format-standard","5":"has-post-thumbnail","7":"category-celebridades","8":"tag-celebridades","9":"tag-celebrities","10":"tag-debora-bloch","11":"tag-domingao-com-huck","12":"tag-entertainment","13":"tag-entretenimento","14":"tag-jonas-bloch","15":"tag-portugal","16":"tag-pt"},"share_on_mastodon":{"url":"","error":""},"_links":{"self":[{"href":"https:\/\/www.europesays.com\/pt\/wp-json\/wp\/v2\/posts\/109215","targetHints":{"allow":["GET"]}}],"collection":[{"href":"https:\/\/www.europesays.com\/pt\/wp-json\/wp\/v2\/posts"}],"about":[{"href":"https:\/\/www.europesays.com\/pt\/wp-json\/wp\/v2\/types\/post"}],"author":[{"embeddable":true,"href":"https:\/\/www.europesays.com\/pt\/wp-json\/wp\/v2\/users\/2"}],"replies":[{"embeddable":true,"href":"https:\/\/www.europesays.com\/pt\/wp-json\/wp\/v2\/comments?post=109215"}],"version-history":[{"count":0,"href":"https:\/\/www.europesays.com\/pt\/wp-json\/wp\/v2\/posts\/109215\/revisions"}],"wp:featuredmedia":[{"embeddable":true,"href":"https:\/\/www.europesays.com\/pt\/wp-json\/wp\/v2\/media\/89585"}],"wp:attachment":[{"href":"https:\/\/www.europesays.com\/pt\/wp-json\/wp\/v2\/media?parent=109215"}],"wp:term":[{"taxonomy":"category","embeddable":true,"href":"https:\/\/www.europesays.com\/pt\/wp-json\/wp\/v2\/categories?post=109215"},{"taxonomy":"post_tag","embeddable":true,"href":"https:\/\/www.europesays.com\/pt\/wp-json\/wp\/v2\/tags?post=109215"}],"curies":[{"name":"wp","href":"https:\/\/api.w.org\/{rel}","templated":true}]}}