{"id":109220,"date":"2025-10-13T16:09:09","date_gmt":"2025-10-13T16:09:09","guid":{"rendered":"https:\/\/www.europesays.com\/pt\/109220\/"},"modified":"2025-10-13T16:09:09","modified_gmt":"2025-10-13T16:09:09","slug":"nottingham-forest-estuda-contratacao-de-tecnico-campeao-da-champions-league-para-suceder-a-ange-postecoglou","status":"publish","type":"post","link":"https:\/\/www.europesays.com\/pt\/109220\/","title":{"rendered":"Nottingham Forest estuda contrata\u00e7\u00e3o de t\u00e9cnico campe\u00e3o da Champions League para suceder a Ange Postecoglou"},"content":{"rendered":"<p>&#8211; Advertisement &#8211;<\/p>\n<p><strong>Rafael Ben\u00edtez pode suceder a Ange Postecoglou no <strong>Nottingham Forest<\/strong>. O t\u00e9cnico australiano pode estar de sa\u00edda do clube<\/strong> <strong>ap\u00f3s mau arranque na Premier League.<\/strong> <\/p>\n<p>Nottingham Forest est\u00e1 a estudar a contrata\u00e7\u00e3o de Rafael Ben\u00edtez. Segundo o Football Insider, Evangelos Marinakis vai manter Ange Postecoglou at\u00e9 ao regresso da Premier League, por\u00e9m vai exigir resultados positivos para manter o t\u00e9cnico australiano.<\/p>\n<p>A mesma fonte indica que o campe\u00e3o da Champions League pelo Liverpool em 2004\/05 \u00e9 o principal candidato, caso os tricky trees mudem de treinador. Evangelos Marinakis tamb\u00e9m v\u00ea em <a href=\"https:\/\/bolanarede.pt\/etiqueta\/marco-silva\/\" target=\"_blank\" rel=\"noreferrer noopener nofollow\">Marco Silva<\/a> o perfil ideal para treinar a sua equipa, mas o custo da indemniza\u00e7\u00e3o \u00e9 um grande obst\u00e1culo para negociar durante o contrato do portugu\u00eas com o Fulham.<\/p>\n<p>Rafael Ben\u00edtez est\u00e1 desempregado desde que foi demitido do Celta de Vigo, em mar\u00e7o de 2024. O treinador espanhol j\u00e1 passou por clubes na Premier League como Liverpool, Newcastle, Everton e Chelsea e recebeu este interesse com bons olhos, <a href=\"https:\/\/bolanarede.pt\/especial-bola-na-rede\/atualidade\/rafa-benitez-confirma-proposta-do-botafogo-e-garante-continuo-a-espera-de-algo-da-premier-league\/\" target=\"_blank\" rel=\"noreferrer noopener nofollow\">visto que deseja voltar ao ativo na Premier League<\/a>.<\/p>\n<p>Ange Postecoglou ainda n\u00e3o venceu nenhum jogo com o Nottingham Forest e conta com sete jogos, dois empates e cinco derrotas desde que assumiu o clube no ver\u00e3o.<\/p>\n","protected":false},"excerpt":{"rendered":"&#8211; Advertisement &#8211; Rafael Ben\u00edtez pode suceder a Ange Postecoglou no Nottingham Forest. O t\u00e9cnico australiano pode estar&hellip;\n","protected":false},"author":2,"featured_media":109221,"comment_status":"","ping_status":"","sticky":false,"template":"","format":"standard","meta":{"footnotes":""},"categories":[87],"tags":[12364,260,135,1527,32,666,33,25983,134],"class_list":{"0":"post-109220","1":"post","2":"type-post","3":"status-publish","4":"format-standard","5":"has-post-thumbnail","7":"category-desporto","8":"tag-ange-postecoglou","9":"tag-atualidade","10":"tag-desporto","11":"tag-nottingham-forest","12":"tag-portugal","13":"tag-premier-league","14":"tag-pt","15":"tag-rafael-benitez","16":"tag-sports"},"share_on_mastodon":{"url":"","error":""},"_links":{"self":[{"href":"https:\/\/www.europesays.com\/pt\/wp-json\/wp\/v2\/posts\/109220","targetHints":{"allow":["GET"]}}],"collection":[{"href":"https:\/\/www.europesays.com\/pt\/wp-json\/wp\/v2\/posts"}],"about":[{"href":"https:\/\/www.europesays.com\/pt\/wp-json\/wp\/v2\/types\/post"}],"author":[{"embeddable":true,"href":"https:\/\/www.europesays.com\/pt\/wp-json\/wp\/v2\/users\/2"}],"replies":[{"embeddable":true,"href":"https:\/\/www.europesays.com\/pt\/wp-json\/wp\/v2\/comments?post=109220"}],"version-history":[{"count":0,"href":"https:\/\/www.europesays.com\/pt\/wp-json\/wp\/v2\/posts\/109220\/revisions"}],"wp:featuredmedia":[{"embeddable":true,"href":"https:\/\/www.europesays.com\/pt\/wp-json\/wp\/v2\/media\/109221"}],"wp:attachment":[{"href":"https:\/\/www.europesays.com\/pt\/wp-json\/wp\/v2\/media?parent=109220"}],"wp:term":[{"taxonomy":"category","embeddable":true,"href":"https:\/\/www.europesays.com\/pt\/wp-json\/wp\/v2\/categories?post=109220"},{"taxonomy":"post_tag","embeddable":true,"href":"https:\/\/www.europesays.com\/pt\/wp-json\/wp\/v2\/tags?post=109220"}],"curies":[{"name":"wp","href":"https:\/\/api.w.org\/{rel}","templated":true}]}}