{"id":109228,"date":"2025-10-13T16:14:18","date_gmt":"2025-10-13T16:14:18","guid":{"rendered":"https:\/\/www.europesays.com\/pt\/109228\/"},"modified":"2025-10-13T16:14:18","modified_gmt":"2025-10-13T16:14:18","slug":"tem-eletrodomesticos-ligados-a-uma-extensao-nao-o-faca","status":"publish","type":"post","link":"https:\/\/www.europesays.com\/pt\/109228\/","title":{"rendered":"Tem eletrodom\u00e9sticos ligados a uma extens\u00e3o? N\u00e3o o fa\u00e7a"},"content":{"rendered":"<p class=\"wp-caption-text top\"><a href=\"https:\/\/depositphotos.com\/photo\/electricity-energy-saving-environmental-protection-man-finger-press-button-turn-613889420.html\" rel=\"nofollow noopener noreferrer\" data-wpel-link=\"exclude\" target=\"_blank\">Shisuka \/ Depositphotos<\/a><\/p>\n<p><img decoding=\"async\" loading=\"lazy\" class=\"size-kopa-image-size-3 wp-image-705119\" src=\"https:\/\/www.europesays.com\/pt\/wp-content\/uploads\/2025\/10\/79a756b6234ab1aa7626b545ca630bc7-783x450.jpg\" alt=\"\" width=\"700\" height=\"402\"  \/><\/p>\n<p><strong>Ligar eletrodom\u00e9sticos como frigor\u00edficos e micro-ondas a extens\u00f5es \u00e9 perigoso e pode provocar um acidente em sua casa. Cuidado com equipamentos de cozinha.<\/strong><\/p>\n<p>A falta de tomadas em algumas cozinhas leva os consumidores a optarem por esta alternativa, o que n\u00e3o \u00e9 seguro.<\/p>\n<p>De acordo com Edval Delboni, professor de engenharia el\u00e9trica do Instituto Mau\u00e1 de Tecnologia (IMT), produtos como frigor\u00edficos e micro-ondas<strong> funcionam com correntes elevadas, incompat\u00edveis com extens\u00f5es<\/strong>, que suportam apenas pequenas cargas el\u00e9tricas.<\/p>\n<p>\u201cVamos supor que liga uma extens\u00e3o a uma tomada de 10 amperes (10 A) na parede. Se ligar um aparelho que consome mais de 10 A nessa extens\u00e3o, ela <strong>vai aquecer e pode provocar um acidente<\/strong>\u201c, salienta o docente.<\/p>\n<p>Delboni sublinha que os riscos aumentam quando eletrodom\u00e9sticos de elevada pot\u00eancia s\u00e3o <strong>ligados \u00e0 mesma extens\u00e3o com outros aparelhos,<\/strong> o que pode causar sobrecarga no equipamento.<\/p>\n<p>Riscos relacionados com o sobreaquecimento<\/p>\n<p>O engenheiro el\u00e9trico explica que os riscos mais comuns de ligar produtos de grande pot\u00eancia a extens\u00f5es est\u00e3o relacionados com o <strong>sobreaquecimento<\/strong>, que pode resultar em acidentes, incluindo <strong>inc\u00eandios<\/strong>.<\/p>\n<p>\u201cTamb\u00e9m pode ocorrer <strong>curto-circuito<\/strong>. Quando a extens\u00e3o aquece, os fios internos aquecem e podem derreter a camada isolante que separa os condutores. Essa prote\u00e7\u00e3o danificada compromete os fios e pode provocar problemas el\u00e9tricos\u201d, alerta Delboni.<\/p>\n<p>O professor acrescenta que, quando ocorre um curto-circuito, o disjuntor do quadro el\u00e9trico, de onde saem os fios que ligam o equipamento \u00e0 tomada, deve<strong> interromper a corrente<\/strong>. Mas, caso n\u00e3o funcione corretamente, o risco de inc\u00eandio aumenta significativamente.<\/p>\n<p>Orienta\u00e7\u00f5es de seguran\u00e7a<\/p>\n<p>Delboni explica que, caso a pessoa queira utilizar uma extens\u00e3o para ligar aparelhos de grande pot\u00eancia, deve optar por uma que contenha<strong> fus\u00edvel, que atua como mecanismo de prote\u00e7\u00e3o.<\/strong><\/p>\n<p>\u201cLiga-se a extens\u00e3o a uma<strong> tomada de 10 A,<\/strong> e ela pode ter v\u00e1rias tomadas. Se ligar um equipamento que ultrapassa a capacidade da extens\u00e3o, por exemplo mais de 10 A, o fus\u00edvel queima e protege a extens\u00e3o\u201d, explica o professor.<\/p>\n<p>O filtro de linha tamb\u00e9m \u00e9 apontado como uma medida \u00fatil, mas protege apenas contra picos el\u00e9tricos e surtos de tens\u00e3o, n\u00e3o sendo eficaz contra sobrecarga de corrente.<\/p>\n<p>O especialista destaca ainda que eletrodom\u00e9sticos utilizados na cozinha \u2014 como frigor\u00edficos, micro-ondas e air fryers \u2014 t\u00eam e<strong>levada pot\u00eancia e devem ter circuitos exclusivos.<\/strong><\/p>\n<p>\u201cCada equipamento de maior pot\u00eancia deve ter dois fios e um disjuntor exclusivo, garantindo que apenas aquela tomada esteja ligada ao aparelho. Por exemplo,<strong> um disjuntor para o frigor\u00edfico, outro para a air fryer, e assim sucessivamente<\/strong>\u201c, conclui Delboni.<\/p>\n<p>    <a href=\"https:\/\/zap.aeiou.pt\/subscrever-newsletter\" data-wpel-link=\"internal\" rel=\"nofollow noopener\" target=\"_blank\">&#13;<br \/>\n        <img loading=\"lazy\" decoding=\"async\" class=\"aligncenter size-full wp-image-575475\" src=\"https:\/\/www.europesays.com\/pt\/wp-content\/uploads\/2025\/10\/1759862234_971_2d51fe4a0ba54894421ead1809309ed9-1-450x140.jpg\" alt=\"Subscreva a Newsletter ZAP\" width=\"450\" height=\"140\"\/>&#13;<br \/>\n    <\/a><\/p>\n<p>                <a href=\"https:\/\/whatsapp.com\/channel\/0029VaIC4EE2f3EJZPPSbR34\" data-wpel-link=\"external\" target=\"_blank\" rel=\"nofollow external noopener noreferrer\" class=\"ext-link\">&#13;<br \/>\n                    <img loading=\"lazy\" decoding=\"async\" class=\"aligncenter size-full wp-image-575475\" src=\"https:\/\/www.europesays.com\/pt\/wp-content\/uploads\/2025\/10\/1759862234_512_c68c559d956d4ca20f435ed74a6e71e6.png\" alt=\"Siga-nos no WhatsApp\" width=\"175\" height=\"64\"\/>&#13;<br \/>\n                <\/a><\/p>\n<p>                <a href=\"https:\/\/news.google.com\/publications\/CAAiEHRwZondIV71PDjWNoqMduEqFAgKIhB0cGaJ3SFe9Tw41jaKjHbh?hl=en-US&amp;gl=US&amp;ceid=US%3Aen\" data-wpel-link=\"external\" target=\"_blank\" rel=\"nofollow external noopener noreferrer\" class=\"ext-link\">&#13;<br \/>\n                    <img loading=\"lazy\" decoding=\"async\" class=\"aligncenter size-full wp-image-575475\" src=\"https:\/\/www.europesays.com\/pt\/wp-content\/uploads\/2025\/10\/1759862235_242_5123dd8b087b644fdb8f8603acd1bad4.png\" alt=\"Siga-nos no Google News\" width=\"176\" height=\"64\"\/>&#13;<br \/>\n                <\/a><\/p>\n","protected":false},"excerpt":{"rendered":"Shisuka \/ Depositphotos Ligar eletrodom\u00e9sticos como frigor\u00edficos e micro-ondas a extens\u00f5es \u00e9 perigoso e pode provocar um acidente&hellip;\n","protected":false},"author":2,"featured_media":109229,"comment_status":"","ping_status":"","sticky":false,"template":"","format":"standard","meta":{"footnotes":""},"categories":[50],"tags":[27,28,2270,15,16,456,14,25,26,21,22,62,12,13,19,20,23,24,17,18,29,30,31,63,64,65],"class_list":{"0":"post-109228","1":"post","2":"type-post","3":"status-publish","4":"format-standard","5":"has-post-thumbnail","7":"category-mundo","8":"tag-breaking-news","9":"tag-breakingnews","10":"tag-energia","11":"tag-featured-news","12":"tag-featurednews","13":"tag-habitacao","14":"tag-headlines","15":"tag-latest-news","16":"tag-latestnews","17":"tag-main-news","18":"tag-mainnews","19":"tag-mundo","20":"tag-news","21":"tag-noticias","22":"tag-noticias-principais","23":"tag-noticiasprincipais","24":"tag-principais-noticias","25":"tag-principaisnoticias","26":"tag-top-stories","27":"tag-topstories","28":"tag-ultimas","29":"tag-ultimas-noticias","30":"tag-ultimasnoticias","31":"tag-world","32":"tag-world-news","33":"tag-worldnews"},"share_on_mastodon":{"url":"","error":""},"_links":{"self":[{"href":"https:\/\/www.europesays.com\/pt\/wp-json\/wp\/v2\/posts\/109228","targetHints":{"allow":["GET"]}}],"collection":[{"href":"https:\/\/www.europesays.com\/pt\/wp-json\/wp\/v2\/posts"}],"about":[{"href":"https:\/\/www.europesays.com\/pt\/wp-json\/wp\/v2\/types\/post"}],"author":[{"embeddable":true,"href":"https:\/\/www.europesays.com\/pt\/wp-json\/wp\/v2\/users\/2"}],"replies":[{"embeddable":true,"href":"https:\/\/www.europesays.com\/pt\/wp-json\/wp\/v2\/comments?post=109228"}],"version-history":[{"count":0,"href":"https:\/\/www.europesays.com\/pt\/wp-json\/wp\/v2\/posts\/109228\/revisions"}],"wp:featuredmedia":[{"embeddable":true,"href":"https:\/\/www.europesays.com\/pt\/wp-json\/wp\/v2\/media\/109229"}],"wp:attachment":[{"href":"https:\/\/www.europesays.com\/pt\/wp-json\/wp\/v2\/media?parent=109228"}],"wp:term":[{"taxonomy":"category","embeddable":true,"href":"https:\/\/www.europesays.com\/pt\/wp-json\/wp\/v2\/categories?post=109228"},{"taxonomy":"post_tag","embeddable":true,"href":"https:\/\/www.europesays.com\/pt\/wp-json\/wp\/v2\/tags?post=109228"}],"curies":[{"name":"wp","href":"https:\/\/api.w.org\/{rel}","templated":true}]}}