{"id":109231,"date":"2025-10-13T16:20:19","date_gmt":"2025-10-13T16:20:19","guid":{"rendered":"https:\/\/www.europesays.com\/pt\/109231\/"},"modified":"2025-10-13T16:20:19","modified_gmt":"2025-10-13T16:20:19","slug":"vem-ai-em-a-fazenda-os-dias-de-gloria-de-lukenia-estao-a-chegar-ao-fim-novelas","status":"publish","type":"post","link":"https:\/\/www.europesays.com\/pt\/109231\/","title":{"rendered":"Vem a\u00ed em \u00abA Fazenda\u00bb: Os dias de gl\u00f3ria de Lukenia est\u00e3o a chegar ao fim? &#8211; Novelas"},"content":{"rendered":"<p>Em \u00abA Fazenda\u00bb, <a href=\"https:\/\/tvi.iol.pt\/novelas\/videos\/foi-assim-que-lukenia-soube-que-samuel-e-filho-de-gaspar\/6772bbdc0cf28c51602e4db1\" rel=\"nofollow noopener\" target=\"_blank\">Lukenia (Rita Cruz)<\/a>, com um saco com dinheiro na m\u00e3o, rel\u00ea a mensagem de Albano para se encontrarem amanh\u00e3 para ela lhe pagar o que combinaram. Lukenia olha angustiada para o dinheiro.<\/p>\n<p><a href=\"https:\/\/tvi.iol.pt\/novelas\/videos\/lukenia-se-ele-souber-nunca-mais-me-vai-querer-ver\/674711300cf23ab6553623d2\" rel=\"nofollow noopener\" target=\"_blank\">Ivandro (Vitor Hugo)<\/a>, <a href=\"https:\/\/tvi.iol.pt\/novelas\/videos\/para-ele-retirar-a-queixa-tu-prometeste-que-te-afastavas-de-mim\/67924a3a0cf216cd3ad316a6\" wbo-id=\"52\" rel=\"nofollow noopener\" target=\"_blank\">Gaspar (Nuno Lopes<\/a>) e <a href=\"https:\/\/tvi.iol.pt\/novelas\/videos\/januario-e-detido-para-defender-talu\/674f12eb0cf2f130c2999b35\" rel=\"nofollow noopener\" target=\"_blank\">Janu\u00e1rio (Hoji Fortuna)<\/a>\u00a0esbo\u00e7am ar confiante que amanh\u00e3 v\u00e3o conseguir apanhar Lukenia e faz\u00ea-la confessar os seus crimes. Janu\u00e1rio diz grave a Gaspar saber o verdadeiro motivo de Talu ter ido a Lisboa.<\/p>\n<p>Lukenia pensa tensa na amea\u00e7a de Albano. <a href=\"https:\/\/tvi.iol.pt\/novelas\/videos\/daniela-recusa-dar-aulas-a-lili-por-ciumes\/675300360cf2f130c2999df9\" rel=\"nofollow noopener\" target=\"_blank\">Daniela (Soraia Tavares)<\/a>\u00a0olha-a a pensar que ela est\u00e1 assim por causa do dinheiro que vai gastar no alembamento, Lukenia confirma para se escapar. Daniela pica a tia a avis\u00e1-la que vai construir uma casa nova para ela quando se casar com <a href=\"https:\/\/tvi.iol.pt\/novelas\/videos\/ary-exalta-se-mereces-que-a-lili-nao-queira-ficar-contigo\/677be9e00cf28c51602e50eb\" rel=\"nofollow noopener\" target=\"_blank\">Ary (Isaac Alfaiate<\/a>). Lukenia diz a Weza, Janu\u00e1rio e Daniela que hoje n\u00e3o janta. Janu\u00e1rio \u00e9 o \u00fanico que percebe o que se est\u00e1 a passar.<\/p>\n<p>Recorde-se que Albano era o marido de Laura (Leonor Seixas):<\/p>\n","protected":false},"excerpt":{"rendered":"Em \u00abA Fazenda\u00bb, Lukenia (Rita Cruz), com um saco com dinheiro na m\u00e3o, rel\u00ea a mensagem de Albano&hellip;\n","protected":false},"author":2,"featured_media":109232,"comment_status":"","ping_status":"","sticky":false,"template":"","format":"standard","meta":{"footnotes":"","_share_on_mastodon":"0"},"categories":[142],"tags":[657,160,166,114,115,157,167,2380,3463,6097,3464,164,2379,161,2378,158,165,159,32,33,156,2377,163,151,162,6094],"class_list":["post-109231","post","type-post","status-publish","format-standard","has-post-thumbnail","category-tv","tag-a-fazenda","tag-ana-guiomar","tag-cristina-ferreira","tag-entertainment","tag-entretenimento","tag-festa-e-festa","tag-ficcao","tag-gaspar","tag-hoji-fortuna","tag-ivandro","tag-januario","tag-jose-fidalgo","tag-lukenia","tag-novelas","tag-nuno-lopes","tag-para-sempre","tag-pedro-sousa","tag-pedro-teixeira","tag-portugal","tag-pt","tag-queridos-papas","tag-rita-cruz","tag-tiago-teotonio-pereira","tag-tv","tag-tvi","tag-vitor-hugo"],"share_on_mastodon":{"url":"","error":""},"_links":{"self":[{"href":"https:\/\/www.europesays.com\/pt\/wp-json\/wp\/v2\/posts\/109231","targetHints":{"allow":["GET"]}}],"collection":[{"href":"https:\/\/www.europesays.com\/pt\/wp-json\/wp\/v2\/posts"}],"about":[{"href":"https:\/\/www.europesays.com\/pt\/wp-json\/wp\/v2\/types\/post"}],"author":[{"embeddable":true,"href":"https:\/\/www.europesays.com\/pt\/wp-json\/wp\/v2\/users\/2"}],"replies":[{"embeddable":true,"href":"https:\/\/www.europesays.com\/pt\/wp-json\/wp\/v2\/comments?post=109231"}],"version-history":[{"count":0,"href":"https:\/\/www.europesays.com\/pt\/wp-json\/wp\/v2\/posts\/109231\/revisions"}],"wp:featuredmedia":[{"embeddable":true,"href":"https:\/\/www.europesays.com\/pt\/wp-json\/wp\/v2\/media\/109232"}],"wp:attachment":[{"href":"https:\/\/www.europesays.com\/pt\/wp-json\/wp\/v2\/media?parent=109231"}],"wp:term":[{"taxonomy":"category","embeddable":true,"href":"https:\/\/www.europesays.com\/pt\/wp-json\/wp\/v2\/categories?post=109231"},{"taxonomy":"post_tag","embeddable":true,"href":"https:\/\/www.europesays.com\/pt\/wp-json\/wp\/v2\/tags?post=109231"}],"curies":[{"name":"wp","href":"https:\/\/api.w.org\/{rel}","templated":true}]}}