{"id":10924,"date":"2025-07-31T23:58:46","date_gmt":"2025-07-31T23:58:46","guid":{"rendered":"https:\/\/www.europesays.com\/pt\/10924\/"},"modified":"2025-07-31T23:58:46","modified_gmt":"2025-07-31T23:58:46","slug":"presidente-da-fed-e-demasiado-estupido-para-o-cargo-observador","status":"publish","type":"post","link":"https:\/\/www.europesays.com\/pt\/10924\/","title":{"rendered":"presidente da Fed \u00e9 &#8220;demasiado est\u00fapido&#8221; para o cargo \u2013 Observador"},"content":{"rendered":"<p>O Presidente dos Estados Unidos, Donald Trump, afirmou esta quinta-feira que o presidente da Reserva Federal Americana (Fed), Jerome Powell, \u00e9 \u201cdemasiado est\u00fapido e pol\u00edtico\u201d para ocupar o cargo.<\/p>\n<p>Numa publica\u00e7\u00e3o na sua rede social Truth Social, Trump atacou o presidente da Fed, a quem chamou de \u201cJerome \u2018Tard\u00f3n\u2019 Powell\u201d: \u201cEle chega tarde demais e, na verdade, est\u00e1 demasiado irritado e \u00e9 demasiado est\u00fapido e pol\u00edtico para estar \u00e0 frente da Fed\u201d.<\/p>\n<p>Depois de a <a href=\"https:\/\/observador.pt\/2025\/07\/30\/fed-desafia-trump-e-deixa-juros-novamente-inalterados\/\" rel=\"nofollow noopener\" target=\"_blank\">Fed ter anunciado na quarta-feira a sua decis\u00e3o de manter as taxas<\/a>, Powell anunciou tamb\u00e9m que a sua pol\u00edtica atual est\u00e1 bem posicionada para continuar, enquanto se espera para ver o impacto real das tarifas impulsionadas pelo Presidente norte-americano.<\/p>\n<p>Antes do an\u00fancio, Trump tinha renovado a press\u00e3o sobre a Reserva Federal para que baixasse as taxas de juro, face ao aumento de 3% do Produto Interno Bruto (PIB) norte-americano. Ap\u00f3s a recusa de Powell, o Presidente dos EUA disse que isso est\u00e1 a custar \u201ctrili\u00f5es de d\u00f3lares\u201d ao pa\u00eds, que est\u00e1 a \u201cpagar o pre\u00e7o\u201d por o presidente da Fed ser um \u201ccompleto falhado\u201d.<\/p>\n<p>Al\u00e9m disso, Trump voltou a atacar Powell por causa das <a href=\"https:\/\/observador.pt\/2025\/07\/14\/casa-branca-investiga-custos-de-renovacao-da-sede-da-fed-e-volta-a-falar-na-demissao-de-powell\/\" rel=\"nofollow noopener\" target=\"_blank\">obras de renova\u00e7\u00e3o da sede do Fed, com um custo adicional de cerca de 700 milh\u00f5es de d\u00f3lares<\/a>, que os republicanos usam para criticar a sua m\u00e1 gest\u00e3o \u00e0 frente do organismo.<\/p>\n<p>\u201cUma das renova\u00e7\u00f5es de edif\u00edcios mais incompetentes e corruptas da hist\u00f3ria da constru\u00e7\u00e3o\u201d, dizem.<\/p>\n","protected":false},"excerpt":{"rendered":"O Presidente dos Estados Unidos, Donald Trump, afirmou esta quinta-feira que o presidente da Reserva Federal Americana (Fed),&hellip;\n","protected":false},"author":2,"featured_media":10925,"comment_status":"","ping_status":"","sticky":false,"template":"","format":"standard","meta":{"footnotes":""},"categories":[83],"tags":[624,88,92,89,90,623,62,32,33],"class_list":{"0":"post-10924","1":"post","2":"type-post","3":"status-publish","4":"format-standard","5":"has-post-thumbnail","7":"category-empresas","8":"tag-amu00e9rica","9":"tag-business","10":"tag-donald-trump","11":"tag-economy","12":"tag-empresas","13":"tag-estados-unidos-da-amu00e9rica","14":"tag-mundo","15":"tag-portugal","16":"tag-pt"},"share_on_mastodon":{"url":"","error":""},"_links":{"self":[{"href":"https:\/\/www.europesays.com\/pt\/wp-json\/wp\/v2\/posts\/10924","targetHints":{"allow":["GET"]}}],"collection":[{"href":"https:\/\/www.europesays.com\/pt\/wp-json\/wp\/v2\/posts"}],"about":[{"href":"https:\/\/www.europesays.com\/pt\/wp-json\/wp\/v2\/types\/post"}],"author":[{"embeddable":true,"href":"https:\/\/www.europesays.com\/pt\/wp-json\/wp\/v2\/users\/2"}],"replies":[{"embeddable":true,"href":"https:\/\/www.europesays.com\/pt\/wp-json\/wp\/v2\/comments?post=10924"}],"version-history":[{"count":0,"href":"https:\/\/www.europesays.com\/pt\/wp-json\/wp\/v2\/posts\/10924\/revisions"}],"wp:featuredmedia":[{"embeddable":true,"href":"https:\/\/www.europesays.com\/pt\/wp-json\/wp\/v2\/media\/10925"}],"wp:attachment":[{"href":"https:\/\/www.europesays.com\/pt\/wp-json\/wp\/v2\/media?parent=10924"}],"wp:term":[{"taxonomy":"category","embeddable":true,"href":"https:\/\/www.europesays.com\/pt\/wp-json\/wp\/v2\/categories?post=10924"},{"taxonomy":"post_tag","embeddable":true,"href":"https:\/\/www.europesays.com\/pt\/wp-json\/wp\/v2\/tags?post=10924"}],"curies":[{"name":"wp","href":"https:\/\/api.w.org\/{rel}","templated":true}]}}