{"id":109251,"date":"2025-10-13T16:35:08","date_gmt":"2025-10-13T16:35:08","guid":{"rendered":"https:\/\/www.europesays.com\/pt\/109251\/"},"modified":"2025-10-13T16:35:08","modified_gmt":"2025-10-13T16:35:08","slug":"comercial-e-rfm-separadas-por-24-pontos-radio-observador-mais-proxima-da-tsf-eco","status":"publish","type":"post","link":"https:\/\/www.europesays.com\/pt\/109251\/","title":{"rendered":"Comercial e RFM separadas por 2,4 pontos. R\u00e1dio Observador mais pr\u00f3xima da TSF \u2013 ECO"},"content":{"rendered":"<p>A <strong>R\u00e1dio Comercial e a RFM est\u00e3o separadas por 2,4 pontos percentuais<\/strong> (pp) na vaga de setembro do Bareme R\u00e1dio, <a target=\"_blank\" href=\"https:\/\/eco.sapo.pt\/2025\/07\/11\/radio-comercial-e-rfm-mais-proximas-em-junho-bauer-mantem-se-o-grupo-mais-ouvido\/\" rel=\"nofollow noopener\">dist\u00e2ncia que torna as duas esta\u00e7\u00f5es quatro d\u00e9cimas mais pr\u00f3ximas.<\/a> De acordo com o estudo da Marktest, <strong>a esta\u00e7\u00e3o liderada por Pedro Ribeiro regista uma audi\u00eancia acumulada de v\u00e9spera (AAV) de 19,4% (-0,8pp), um reach semanal de 38,4% (+0,3pp) e um share de audi\u00eancia de 25,2% (+0,5pp).<\/strong><\/p>\n<p>A esta\u00e7\u00e3o dirigida por <strong>Ant\u00f3nio Mendes, por seu lado, obt\u00e9m uma nesta vaga do estudo da Marktest com uma AAV de 17% (-0,4pp), um reach semanal de 34,9% (-2,2pp) e um share de audi\u00eancia de 21,5% (-1,9pp).<\/strong><\/p>\n<p>&#13;<br \/>\n\t\t\t\t&#13;<br \/>\n\t\t\t\t\t<a href=\"https:\/\/eco.sapo.pt\/entrevista\/os-media-nao-falam-o-suficiente-podem-e-deviam-falar-mais\/\" rel=\"nofollow noopener\" target=\"_blank\">&#13;<\/p>\n<p class=\"info-card__intro\">Os media \u201cn\u00e3o falam o suficiente, podem e deviam falar mais\u201d<\/p>\n<p>\t\t\t\t\t\t&#13;<br \/>\n\t\t\t\t\t<\/a>&#13;<br \/>\n\t\t\t\t&#13;<br \/>\n\t\t\t&#13;<br \/>\n&#13;<\/p>\n<p>Na terceira posi\u00e7\u00e3o segue a <strong>M80<\/strong>, que mant\u00e9m uma AAV de 8,2%, um reach de 20,2% (-1,6pp) e um share de audi\u00eancia de 9,9% (-0,4pp).<\/p>\n<p>A <strong>R\u00e1dio Renascen\u00e7a<\/strong> surge em quarto lugar, com uma AAV de 5,8% (-0,2 pp), e na quinta posi\u00e7\u00e3o agora a<strong> Cidade FM<\/strong>, com uma AAV de 4,7% (+0,4pp), que ultrapassa a <strong>Antena 1<\/strong>, que regista nesta vaga 4,5%, uma quebra de 1,3 pp.<\/p>\n<p>Segue-se a <strong>Mega Hits<\/strong>, que com uma AAV de 3% (+0,7pp) ultrapassa a <strong>TSF<\/strong>, que se situa agora nos 2,6% (-0,3pp). A tr\u00eas d\u00e9cimas, a <strong>R\u00e1dio Observador<\/strong>, agora nos 2,3% (+0,2pp).<\/p>\n<p><strong>Antena 3<\/strong>, que mant\u00e9m 1,5%, <strong>Smooth FM<\/strong> com 1% (-0,4pp), <strong>R\u00e1dio Sudoeste<\/strong> (+0,3pp),<strong> R\u00e1dio Nova Era<\/strong> (0,6%) e <strong>Antena 2<\/strong> (0,4%) encerram o ranking das esta\u00e7\u00f5es mencionadas do ranking de audi\u00eancia acumulada de v\u00e9spera.<\/p>\n<p>&#13;<br \/>\n\t\t\t\t&#13;<br \/>\n\t\t\t\t\t<a href=\"https:\/\/eco.sapo.pt\/entrevista\/os-media-tem-que-se-saber-unir-mais-e-perceber-onde-esta-verdadeiramente-a-sua-concorrencia\/\" rel=\"nofollow noopener\" target=\"_blank\">&#13;<\/p>\n<p class=\"info-card__intro\">\u201cOs media t\u00eam que se saber unir mais do que t\u00eam sabido nos \u00faltimos anos\u201d<\/p>\n<p>\t\t\t\t\t\t&#13;<br \/>\n\t\t\t\t\t<\/a>&#13;<br \/>\n\t\t\t\t&#13;<br \/>\n\t\t\t&#13;<br \/>\n&#13;<\/p>\n<p>A <strong>Bauer Media \u00c1udio Portugal e a Renascen\u00e7a Multim\u00e9dia est\u00e3o assim separadas por 6,2 pp<\/strong>, com o grupo liderado por Salvador Ribeiro com uma AAV de 29,9% e o grupo gerido por Jos\u00e9 Lu\u00eds Ramos Pinheiro a registar 23,7%. O grupo Bauer perdeu 0,4 pp, enquanto o Grupo Renascen\u00e7a registou menos 0,3pp.<\/p>\n<p><strong>A quebra maior \u00e9 a do grupo RTP, que da vaga de junho para a de setembro perdeu 1,5 pp, situando-se agora nos 6,2%.<\/strong><\/p>\n<p>\u201c<strong>Manter a lideran\u00e7a em todas as frentes de audi\u00eancia confirma que a estrat\u00e9gia do grupo est\u00e1 a dar frutos. Cada esta\u00e7\u00e3o refor\u00e7a a sua identidade e impacto, e juntos continuamos a ser a refer\u00eancia do setor de r\u00e1dio e \u00e1udio em Portugal<\/strong>\u201d, refere Salvador Ribeiro, CEO da Bauer Media Audio Portugal, citado em comunicado.<\/p>\n<p>\u201c<strong>Todas as semanas as r\u00e1dios do Grupo Renascen\u00e7a Multim\u00e9dia s\u00e3o ouvidas por mais de 4,1 milh\u00f5es de pessoas, ou seja, 58% dos ouvintes de r\u00e1dio em Portugal<\/strong> \u201c, destaca por sua vez o Grupo Renascen\u00e7a Multim\u00e9dia em nota de imprensa.<\/p>\n","protected":false},"excerpt":{"rendered":"A R\u00e1dio Comercial e a RFM est\u00e3o separadas por 2,4 pontos percentuais (pp) na vaga de setembro do&hellip;\n","protected":false},"author":2,"featured_media":109252,"comment_status":"","ping_status":"","sticky":false,"template":"","format":"standard","meta":{"footnotes":""},"categories":[141],"tags":[1484,114,115,715,149,150,1229,32,33],"class_list":{"0":"post-109251","1":"post","2":"type-post","3":"status-publish","4":"format-standard","5":"has-post-thumbnail","7":"category-musica","8":"tag-m","9":"tag-entertainment","10":"tag-entretenimento","11":"tag-media","12":"tag-music","13":"tag-musica","14":"tag-negocios-m","15":"tag-portugal","16":"tag-pt"},"share_on_mastodon":{"url":"","error":""},"_links":{"self":[{"href":"https:\/\/www.europesays.com\/pt\/wp-json\/wp\/v2\/posts\/109251","targetHints":{"allow":["GET"]}}],"collection":[{"href":"https:\/\/www.europesays.com\/pt\/wp-json\/wp\/v2\/posts"}],"about":[{"href":"https:\/\/www.europesays.com\/pt\/wp-json\/wp\/v2\/types\/post"}],"author":[{"embeddable":true,"href":"https:\/\/www.europesays.com\/pt\/wp-json\/wp\/v2\/users\/2"}],"replies":[{"embeddable":true,"href":"https:\/\/www.europesays.com\/pt\/wp-json\/wp\/v2\/comments?post=109251"}],"version-history":[{"count":0,"href":"https:\/\/www.europesays.com\/pt\/wp-json\/wp\/v2\/posts\/109251\/revisions"}],"wp:featuredmedia":[{"embeddable":true,"href":"https:\/\/www.europesays.com\/pt\/wp-json\/wp\/v2\/media\/109252"}],"wp:attachment":[{"href":"https:\/\/www.europesays.com\/pt\/wp-json\/wp\/v2\/media?parent=109251"}],"wp:term":[{"taxonomy":"category","embeddable":true,"href":"https:\/\/www.europesays.com\/pt\/wp-json\/wp\/v2\/categories?post=109251"},{"taxonomy":"post_tag","embeddable":true,"href":"https:\/\/www.europesays.com\/pt\/wp-json\/wp\/v2\/tags?post=109251"}],"curies":[{"name":"wp","href":"https:\/\/api.w.org\/{rel}","templated":true}]}}