{"id":109253,"date":"2025-10-13T16:37:09","date_gmt":"2025-10-13T16:37:09","guid":{"rendered":"https:\/\/www.europesays.com\/pt\/109253\/"},"modified":"2025-10-13T16:37:09","modified_gmt":"2025-10-13T16:37:09","slug":"balotelli-muito-critico-com-selecao-italiana-nao-gosto","status":"publish","type":"post","link":"https:\/\/www.europesays.com\/pt\/109253\/","title":{"rendered":"Balotelli muito cr\u00edtico com sele\u00e7\u00e3o italiana: \u00abN\u00e3o gosto\u00bb"},"content":{"rendered":"<p>Mario Balotelli mostrou-se descontente com a sele\u00e7\u00e3o italiana e deixou, inclusive, uma mensagem ao selecionador Gennaro Gattuso.<\/p>\n<p>O antigo internacional italiano foi convidado do Trento 2025 Sports Balotelli e aproveitou para referir que os jogadores, hoje em dia, n\u00e3o t\u00eam \u00abvontade de defender a camisola da na\u00e7\u00e3o\u00bb, ao contr\u00e1rio do que acontecia quando ainda representava a forma\u00e7\u00e3o\u00a0azzurri.<\/p>\n<p>\u00abN\u00e3o gosto. Para mim a sele\u00e7\u00e3o \u00e9 um grande tema de debate. Isto n\u00e3o \u00e9 para atacar ningu\u00e9m, mas muitas vezes vejo jogadores sem vontade de defenderem a camisola da na\u00e7\u00e3o e n\u00e3o gosto disso. Na minha altura sentia-me orgulhoso por representar It\u00e1lia e isso \u00e9 o que est\u00e1 a faltar\u00bb, afirmou..<\/p>\n<p>Quando questionado se tinha sido o \u00faltimo verdadeiro avan\u00e7ado centro a representar as cores italianas, limitou-se a responder: \u00ab\u00c9 o que me dizem\u00bb.<\/p>\n<p>Recorde-se que o jogador de 35 anos, encontra-se neste momento sem clube, desde que deixou o G\u00e9nova no final da \u00e9poca passada.<\/p>\n","protected":false},"excerpt":{"rendered":"Mario Balotelli mostrou-se descontente com a sele\u00e7\u00e3o italiana e deixou, inclusive, uma mensagem ao selecionador Gennaro Gattuso. O&hellip;\n","protected":false},"author":2,"featured_media":109254,"comment_status":"","ping_status":"","sticky":false,"template":"","format":"standard","meta":{"footnotes":""},"categories":[87],"tags":[10151,135,25986,233,46,25985,32,33,47,4338,5420,134],"class_list":{"0":"post-109253","1":"post","2":"type-post","3":"status-publish","4":"format-standard","5":"has-post-thumbnail","7":"category-desporto","8":"tag-declaracoes","9":"tag-desporto","10":"tag-gennaro-gattuso","11":"tag-italia","12":"tag-maisfutebol","13":"tag-mario-balotelli","14":"tag-portugal","15":"tag-pt","16":"tag-pura-paixao","17":"tag-selecao","18":"tag-selecao-nacional","19":"tag-sports"},"share_on_mastodon":{"url":"","error":""},"_links":{"self":[{"href":"https:\/\/www.europesays.com\/pt\/wp-json\/wp\/v2\/posts\/109253","targetHints":{"allow":["GET"]}}],"collection":[{"href":"https:\/\/www.europesays.com\/pt\/wp-json\/wp\/v2\/posts"}],"about":[{"href":"https:\/\/www.europesays.com\/pt\/wp-json\/wp\/v2\/types\/post"}],"author":[{"embeddable":true,"href":"https:\/\/www.europesays.com\/pt\/wp-json\/wp\/v2\/users\/2"}],"replies":[{"embeddable":true,"href":"https:\/\/www.europesays.com\/pt\/wp-json\/wp\/v2\/comments?post=109253"}],"version-history":[{"count":0,"href":"https:\/\/www.europesays.com\/pt\/wp-json\/wp\/v2\/posts\/109253\/revisions"}],"wp:featuredmedia":[{"embeddable":true,"href":"https:\/\/www.europesays.com\/pt\/wp-json\/wp\/v2\/media\/109254"}],"wp:attachment":[{"href":"https:\/\/www.europesays.com\/pt\/wp-json\/wp\/v2\/media?parent=109253"}],"wp:term":[{"taxonomy":"category","embeddable":true,"href":"https:\/\/www.europesays.com\/pt\/wp-json\/wp\/v2\/categories?post=109253"},{"taxonomy":"post_tag","embeddable":true,"href":"https:\/\/www.europesays.com\/pt\/wp-json\/wp\/v2\/tags?post=109253"}],"curies":[{"name":"wp","href":"https:\/\/api.w.org\/{rel}","templated":true}]}}