{"id":109257,"date":"2025-10-13T16:39:07","date_gmt":"2025-10-13T16:39:07","guid":{"rendered":"https:\/\/www.europesays.com\/pt\/109257\/"},"modified":"2025-10-13T16:39:07","modified_gmt":"2025-10-13T16:39:07","slug":"victoria-beckham-removeu-implantes-mamarios-e-explica-porque","status":"publish","type":"post","link":"https:\/\/www.europesays.com\/pt\/109257\/","title":{"rendered":"Victoria Beckham removeu implantes mam\u00e1rios e explica porqu\u00ea"},"content":{"rendered":"<p>Empres\u00e1ria, designer e antiga estrela das Spice Girls, Victoria Beckham mostra-se agora como nunca a vimos num document\u00e1rio que est\u00e1 a lan\u00e7ar sobre o seu percurso biogr\u00e1fico, na plataforma de streaming Netflix, e que se estreou na quinta-feira, 9 de outubro<\/p>\n<p data-remotead-prev-elm=\"true\" data-remotead-elm-id=\"inread\">\u00c0 boleia deste projeto de tr\u00eas epis\u00f3dios, a mulher da antigo futebolista David Beckham faz revela\u00e7\u00f5es pessoais e detalha, entre outras mat\u00e9rias, porque decidiu remover os implantes mam\u00e1rios. &#8220;Veio da necessidade de ser levada mais a s\u00e9rio e de eu n\u00e3o saber quem eu era&#8221;, justificou Victoria Beckahm em entrevista ao jornal The Sun, na sexta-feira, 10 de outubro. &#8220;Foi o Roland [Mouret, estilista franc\u00eas] quem me encorajou a ser apenas eu, de n\u00e3o sentir que tinha que ser essa pessoa. Apenas suavizar o tom&#8221;, acrescentou. A ex-Spice Girl cr\u00ea que essa decis\u00e3o lhe permitiu &#8220;mostrar-se atrav\u00e9s das cole\u00e7\u00f5es [de moda]&#8221; que apresentava.<\/p>\n<p>&#8220;N\u00e3o sei para onde foram essas mamas, mas foram. Definitivamente foi o trabalho com Roland que fez isso. Ele \u00e9 t\u00e3o bom, e eu n\u00e3o teria uma carreira se n\u00e3o fosse ele&#8221;, revelou a agora designer de moda, de 51 anos, que se estreou no setor de forma hom\u00f3nima em 2008.<\/p>\n<p data-remotead-prev-elm=\"true\" data-remotead-elm-id=\"centro1\">Sobre a diferen\u00e7a de estilos que abra\u00e7ou nas v\u00e1rias fases da sua vida &#8211; a atual mais apostada na eleg\u00e2ncia e a anterior aquando da girlsband Spice Girls mais exuberante -, Beckham adiantou, na mesma entrevista, que passou &#8220;muito tempo depois das Spice Girls a procurar um prop\u00f3sito, que n\u00e3o sabia qual era&#8221;. &#8220;Ent\u00e3o, vestia-me dessa maneira. Havia muitas extens\u00f5es de cabelo, tops justos e bronzeado falso, embora eu ainda use bronzeado falso&#8221;, declarou.<\/p>\n","protected":false},"excerpt":{"rendered":"Empres\u00e1ria, designer e antiga estrela das Spice Girls, Victoria Beckham mostra-se agora como nunca a vimos num document\u00e1rio&hellip;\n","protected":false},"author":2,"featured_media":109258,"comment_status":"","ping_status":"","sticky":false,"template":"","format":"standard","meta":{"footnotes":""},"categories":[85],"tags":[1081,20491,114,115,10039,25987,32,33,117,21740],"class_list":{"0":"post-109257","1":"post","2":"type-post","3":"status-publish","4":"format-standard","5":"has-post-thumbnail","7":"category-entretenimento","8":"tag-beleza","9":"tag-delas","10":"tag-entertainment","11":"tag-entretenimento","12":"tag-implantes","13":"tag-implantes-mamarios","14":"tag-portugal","15":"tag-pt","16":"tag-saude","17":"tag-victoria-beckham"},"share_on_mastodon":{"url":"","error":""},"_links":{"self":[{"href":"https:\/\/www.europesays.com\/pt\/wp-json\/wp\/v2\/posts\/109257","targetHints":{"allow":["GET"]}}],"collection":[{"href":"https:\/\/www.europesays.com\/pt\/wp-json\/wp\/v2\/posts"}],"about":[{"href":"https:\/\/www.europesays.com\/pt\/wp-json\/wp\/v2\/types\/post"}],"author":[{"embeddable":true,"href":"https:\/\/www.europesays.com\/pt\/wp-json\/wp\/v2\/users\/2"}],"replies":[{"embeddable":true,"href":"https:\/\/www.europesays.com\/pt\/wp-json\/wp\/v2\/comments?post=109257"}],"version-history":[{"count":0,"href":"https:\/\/www.europesays.com\/pt\/wp-json\/wp\/v2\/posts\/109257\/revisions"}],"wp:featuredmedia":[{"embeddable":true,"href":"https:\/\/www.europesays.com\/pt\/wp-json\/wp\/v2\/media\/109258"}],"wp:attachment":[{"href":"https:\/\/www.europesays.com\/pt\/wp-json\/wp\/v2\/media?parent=109257"}],"wp:term":[{"taxonomy":"category","embeddable":true,"href":"https:\/\/www.europesays.com\/pt\/wp-json\/wp\/v2\/categories?post=109257"},{"taxonomy":"post_tag","embeddable":true,"href":"https:\/\/www.europesays.com\/pt\/wp-json\/wp\/v2\/tags?post=109257"}],"curies":[{"name":"wp","href":"https:\/\/api.w.org\/{rel}","templated":true}]}}