{"id":109287,"date":"2025-10-13T17:06:23","date_gmt":"2025-10-13T17:06:23","guid":{"rendered":"https:\/\/www.europesays.com\/pt\/109287\/"},"modified":"2025-10-13T17:06:23","modified_gmt":"2025-10-13T17:06:23","slug":"senti-muita-amargura-no-euro-mas-sonho-voltar-a-selecao","status":"publish","type":"post","link":"https:\/\/www.europesays.com\/pt\/109287\/","title":{"rendered":"\u00abSenti muita amargura no Euro, mas sonho voltar \u00e0 Sele\u00e7\u00e3o\u00bb"},"content":{"rendered":"<p style=\"margin-bottom:11px\">A noite ca\u00eda sobre o Est\u00e1dio do Bessa a 1 de setembro de 2016 quando, ao intervalo, Andr\u00e9 Silva pisava o palco mais querido para o tio boavisteiro. Estava a viver a estreia pela Sele\u00e7\u00e3o A, contra Gibraltar (5-0), no primeiro jogo ap\u00f3s a in\u00e9dita conquista do Europeu.<\/p>\n<p>No sint\u00e9tico do FC Foz, em entrevista ao <strong>Maisfutebol<\/strong>, o ponta de lan\u00e7a de 29 anos desvendou objetivos e n\u00e3o escondeu a m\u00e1goa pelos poucos minutos no Euro 2020 (realizado em 2021), depois da melhor \u00e9poca da carreira. Ao cabo de 53 internacionaliza\u00e7\u00f5es \u00e0s ordens de Fernando Santos, com 19 golos e chamadas ao Mundial 2018 e 2022, Andr\u00e9 Silva sonha em convencer Roberto Mart\u00ednez, at\u00e9 porque leva quatro golos em sete jogos pelo Elche na La Liga.<\/p>\n<p><strong>Leia tamb\u00e9m.<\/strong><\/p>\n<p><strong>Parte I \u2013 <a href=\"https:\/\/maisfutebol.iol.pt\/fc-porto\/porto\/sai-do-fc-porto-com-trabalho-por-fazer-a-derrota-no-jamor-ficou-marcada\" rel=\"nofollow noopener\" target=\"_blank\">\u00abSa\u00ed do FC Porto com trabalho por fazer, a derrota no Jamor ficou marcada\u00bb<\/a><\/strong><\/p>\n<p><strong>Parte III \u2013\u00a0<a href=\"https:\/\/maisfutebol.iol.pt\/made-in\/elche\/elche-tive-maior-controlo-sobre-a-escolha-nunca-pensei-tanto-sobre-uma-saida\" rel=\"nofollow noopener\" target=\"_blank\">\u00abElche? Tive maior controlo sobre a escolha, nunca pensei tanto sobre uma sa\u00edda\u00bb<\/a><\/strong><\/p>\n<p><strong>Maisfutebol (MF): Em setembro de 2016, ainda no FC Porto, fez a estreia pela Sele\u00e7\u00e3o A.<\/strong><\/p>\n<p><strong>Andr\u00e9 Silva (AS): <\/strong>Vivia um sonho, jogava pelo clube do cora\u00e7\u00e3o e estava na Sele\u00e7\u00e3o. Para mim era o topo, estava rodeado de jogadores com muitas conquistas.<\/p>\n<p><strong>MF: Para al\u00e9m de Cristiano Ronaldo, quem via como refer\u00eancia na Sele\u00e7\u00e3o?<\/strong><\/p>\n<p><strong>AS: <\/strong>Tamb\u00e9m o Bruno Alves, pela abertura que teve comigo. E cresci a v\u00ea-lo no FC Porto. Foi um bom companheiro e tentava ajudar e ensinar. E ele desfrutava de o fazer. Mas tamb\u00e9m dava umas \u201cfrutas\u201d. Lembro-me em particular de um treino no Mundial 2018. Queria fazer uma tabela e j\u00e1 estava a ver o Bruno Alves. J\u00e1 tinha sentido as \u201cpatadas\u201d dele, ent\u00e3o s\u00f3 quis dar a bola r\u00e1pido e sair, ele j\u00e1 vinha com tudo. Corri para a frente, mas tinha passado mal e permiti um contra-ataque. Reparei nisso porque o mister Fernando Santos disse: \u00abEst\u00e1s a correr para a frente porqu\u00ea?\u00bb. Tudo por influ\u00eancia do Bruno.<\/p>\n<p><strong>MF: (\u2026)<\/strong><\/p>\n<p><strong>AS: <\/strong>Quanto ao Cristiano, para l\u00e1 dos conselhos de jogo, lembro-me das dicas quanto \u00e0 \u00e1gua fria e \u00e0 sauna.<\/p>\n<p><strong>MF: Em 2020\/21 conseguiu a melhor \u00e9poca at\u00e9 hoje, com 29 golos em 34 jogos, ajudando o Frankfurt a atingir o quinto lugar da Bundesliga. Essa temporada valeu a estreia num Europeu.<\/strong><\/p>\n<p><strong>AS: <\/strong>Orgulho-me de ter alcan\u00e7ado o quarto lugar na Bota de Ouro, atr\u00e1s de Lewandowski, Cristiano Ronaldo e Messi. Agrade\u00e7o ao Frankfurt por me permitir atingir esse n\u00edvel, foi a fase em que senti maior confian\u00e7a. E estar na Sele\u00e7\u00e3o \u00e9 sempre motivo de orgulho, faz-me sentir recompensado. Mas, nesse ver\u00e3o, senti muita insatisfa\u00e7\u00e3o, face \u00e0 \u00e9poca que consegui e o espa\u00e7o que me foi dado na Sele\u00e7\u00e3o. Tinha outras expectativas e sabia o que podia dar.<\/p>\n<p><strong>MF: Nesse ver\u00e3o trocou Frankfurt por Leipzig. Porqu\u00ea?<\/strong><\/p>\n<p><strong>AS: <\/strong>Pela amargura que senti no Europeu, porque, afinal, aquela quantidade de golos no Frankfurt n\u00e3o era suficiente. Exigi de mim patamares mais elevados e situa\u00e7\u00f5es mais exigentes. Essa ambi\u00e7\u00e3o \u2013 e impaci\u00eancia \u2013 levaram-me a assinar pelo Leipzig. Reconhe\u00e7o que n\u00e3o tinha no\u00e7\u00e3o da estabilidade que tinha em Frankfurt.<\/p>\n<p><strong>MF: (\u2026)<\/strong><\/p>\n<p><strong>AS: <\/strong>Em Leipzig tive o privil\u00e9gio de partilhar balne\u00e1rio com jogadores incr\u00edveis e conquist\u00e1mos a Ta\u00e7a da Alemanha por duas vezes. Aprendi imenso nesses momentos, passei por fases desconfort\u00e1veis que desconhecia. Coloquei muitas situa\u00e7\u00f5es em perspetiva e conheci-me enquanto jogador e pessoa.<\/p>\n<p style=\"text-align:center\"><img loading=\"lazy\" decoding=\"async\" alt=\"\" height=\"768\" src=\"https:\/\/www.europesays.com\/pt\/wp-content\/uploads\/2025\/10\/5b96d5c90cf267716b567973.webp\" width=\"1280\"\/><\/p>\n<p><strong>MF: Um sonho para a carreira?<\/strong><\/p>\n<p><strong>AS: <\/strong>Regressar \u00e0 Sele\u00e7\u00e3o. Cabe-me demonstrar que o mere\u00e7o.<\/p>\n<p><a href=\"https:\/\/maisfutebol.iol.pt\/made-in\/elche\/elche-tive-maior-controlo-sobre-a-escolha-nunca-pensei-tanto-sobre-uma-saida\" rel=\"nofollow noopener\" target=\"_blank\">Prossiga para a terceira e \u00faltima parte da conversa de Andr\u00e9 Silva<\/a> com o <strong>Maisfutebol<\/strong>.<\/p>\n<p style=\"text-align:center\"><img loading=\"lazy\" decoding=\"async\" alt=\"\" height=\"720\" src=\"https:\/\/www.europesays.com\/pt\/wp-content\/uploads\/2025\/10\/6137a0f10cf241cadcdbcea4.webp\" width=\"1280\"\/><\/p>\n","protected":false},"excerpt":{"rendered":"A noite ca\u00eda sobre o Est\u00e1dio do Bessa a 1 de setembro de 2016 quando, ao intervalo, Andr\u00e9&hellip;\n","protected":false},"author":2,"featured_media":109288,"comment_status":"","ping_status":"","sticky":false,"template":"","format":"standard","meta":{"footnotes":""},"categories":[87],"tags":[4956,25989,667,135,10760,741,25991,16996,282,17348,25990,7165,436,46,462,32,33,47,679,669,4338,5420,16170,134],"class_list":{"0":"post-109287","1":"post","2":"type-post","3":"status-publish","4":"format-standard","5":"has-post-thumbnail","7":"category-desporto","8":"tag-andre-silva","9":"tag-bruno-alves","10":"tag-cristiano-ronaldo","11":"tag-desporto","12":"tag-elche","13":"tag-entrevista","14":"tag-euro-2020","15":"tag-europeu","16":"tag-fc-porto","17":"tag-fernando-santos","18":"tag-frankfurt","19":"tag-leipzig","20":"tag-made-in","21":"tag-maisfutebol","22":"tag-porto","23":"tag-portugal","24":"tag-pt","25":"tag-pura-paixao","26":"tag-reportagem","27":"tag-ronaldo","28":"tag-selecao","29":"tag-selecao-nacional","30":"tag-selecao-portuguesa","31":"tag-sports"},"share_on_mastodon":{"url":"","error":""},"_links":{"self":[{"href":"https:\/\/www.europesays.com\/pt\/wp-json\/wp\/v2\/posts\/109287","targetHints":{"allow":["GET"]}}],"collection":[{"href":"https:\/\/www.europesays.com\/pt\/wp-json\/wp\/v2\/posts"}],"about":[{"href":"https:\/\/www.europesays.com\/pt\/wp-json\/wp\/v2\/types\/post"}],"author":[{"embeddable":true,"href":"https:\/\/www.europesays.com\/pt\/wp-json\/wp\/v2\/users\/2"}],"replies":[{"embeddable":true,"href":"https:\/\/www.europesays.com\/pt\/wp-json\/wp\/v2\/comments?post=109287"}],"version-history":[{"count":0,"href":"https:\/\/www.europesays.com\/pt\/wp-json\/wp\/v2\/posts\/109287\/revisions"}],"wp:featuredmedia":[{"embeddable":true,"href":"https:\/\/www.europesays.com\/pt\/wp-json\/wp\/v2\/media\/109288"}],"wp:attachment":[{"href":"https:\/\/www.europesays.com\/pt\/wp-json\/wp\/v2\/media?parent=109287"}],"wp:term":[{"taxonomy":"category","embeddable":true,"href":"https:\/\/www.europesays.com\/pt\/wp-json\/wp\/v2\/categories?post=109287"},{"taxonomy":"post_tag","embeddable":true,"href":"https:\/\/www.europesays.com\/pt\/wp-json\/wp\/v2\/tags?post=109287"}],"curies":[{"name":"wp","href":"https:\/\/api.w.org\/{rel}","templated":true}]}}