{"id":109298,"date":"2025-10-13T17:15:15","date_gmt":"2025-10-13T17:15:15","guid":{"rendered":"https:\/\/www.europesays.com\/pt\/109298\/"},"modified":"2025-10-13T17:15:15","modified_gmt":"2025-10-13T17:15:15","slug":"habitacao-de-interesse-social-de-peus-a-terra-i-el-cap-pels-nuvols-miel-arquitectos-marmolbravo-madhel","status":"publish","type":"post","link":"https:\/\/www.europesays.com\/pt\/109298\/","title":{"rendered":"Habita\u00e7\u00e3o de Interesse Social \u2013 DE PEUS A TERRA i el cap pels n\u00favols \/ Miel Arquitectos + MARMOLBRAVO + MADhel"},"content":{"rendered":"<p><a class=\"js-image-size__link \" href=\"https:\/\/www.archdaily.com.br\/br\/1034836\/habitacao-de-interesse-social-de-peus-a-terra-i-el-cap-pels-nuvols-miel-arquitectos-plus-marmolbravo-plus-madhel\/68e3efd717f701018af877d1-habitacao-de-interesse-social-de-peus-a-terra-i-el-cap-pels-nuvols-miel-arquitectos-plus-marmolbravo-plus-madhel-foto\" rel=\"attachment nofollow noopener\" style=\"width: 100%; height: 100%;\" target=\"_blank\"><img decoding=\"async\" alt=\"Habita\u00e7\u00e3o de Interesse Social \u2013 DE PEUS A TERRA i el cap pels n\u00favols \/ Miel Arquitectos + MARMOLBRAVO + MADhel - Fotografia de Exterior, Fachada, Balc\u00e3o\" data-nr-picture-id=\"68e3efd717f701018af877d1\" fetchpriority=\"high\" height=\"482\" itemprop=\"image\" loading=\"eager\" longdesc=\"https:\/\/www.archdaily.com.br\/br\/1034836\/habitacao-de-interesse-social-de-peus-a-terra-i-el-cap-pels-nuvols-miel-arquitectos-plus-marmolbravo-plus-madhel\/68e3efd717f701018af877d1-habitacao-de-interesse-social-de-peus-a-terra-i-el-cap-pels-nuvols-miel-arquitectos-plus-marmolbravo-plus-madhel-foto\" src=\"https:\/\/www.europesays.com\/pt\/wp-content\/uploads\/2025\/10\/50-viviendas-sociales-de-peus-a-terra-i-el-cap-pels-nuvols-miel-arquitectos-plus-marmolbravo-plus-ma.jpeg\" style=\"min-height: var(--featured-height, auto); aspect-ratio: auto 640 \/ 482\" width=\"640\"\/><\/a>\u00a9 Jose Hevia<\/p>\n<p class=\"thumbs afd-desktop-e clearfix\"><a class=\"thumbs__link\" data-nr-picture-id=\"68e3efd617f701018af877d0\" href=\"https:\/\/www.archdaily.com.br\/br\/1034836\/habitacao-de-interesse-social-de-peus-a-terra-i-el-cap-pels-nuvols-miel-arquitectos-plus-marmolbravo-plus-madhel\/68e3efd617f701018af877d0-habitacao-de-interesse-social-de-peus-a-terra-i-el-cap-pels-nuvols-miel-arquitectos-plus-marmolbravo-plus-madhel-foto\" rel=\"attachment nofollow noopener\" target=\"_blank\"><img loading=\"lazy\" decoding=\"async\" alt=\"Habita\u00e7\u00e3o de Interesse Social \u2013 DE PEUS A TERRA i el cap pels n\u00favols \/ Miel Arquitectos + MARMOLBRAVO + MADhel - Fotografia de Interiores, Balc\u00e3o, Concreto\" class=\"thumbs__img b-lazy\" data-nr-picture-id=\"68e3efd617f701018af877d0\" data-pin-nopin=\"true\" src=\"https:\/\/www.europesays.com\/pt\/wp-content\/uploads\/2025\/10\/1760375710_863_50-viviendas-sociales-de-peus-a-terra-i-el-cap-pels-nuvols-miel-arquitectos-plus-marmolbravo-plus-ma.jpeg\" height=\"125\" longdesc=\"https:\/\/www.archdaily.com.br\/br\/1034836\/habitacao-de-interesse-social-de-peus-a-terra-i-el-cap-pels-nuvols-miel-arquitectos-plus-marmolbravo-plus-madhel\/68e3efd617f701018af877d0-habitacao-de-interesse-social-de-peus-a-terra-i-el-cap-pels-nuvols-miel-arquitectos-plus-marmolbravo-plus-madhel-foto\" title=\"\u00a9 Jose Hevia\" width=\"125\"\/><\/a><a class=\"thumbs__link\" data-nr-picture-id=\"68e3efd717f701018af877d3\" href=\"https:\/\/www.archdaily.com.br\/br\/1034836\/habitacao-de-interesse-social-de-peus-a-terra-i-el-cap-pels-nuvols-miel-arquitectos-plus-marmolbravo-plus-madhel\/68e3efd717f701018af877d3-habitacao-de-interesse-social-de-peus-a-terra-i-el-cap-pels-nuvols-miel-arquitectos-plus-marmolbravo-plus-madhel-foto\" rel=\"attachment nofollow noopener\" target=\"_blank\"><img loading=\"lazy\" decoding=\"async\" alt=\"Habita\u00e7\u00e3o de Interesse Social \u2013 DE PEUS A TERRA i el cap pels n\u00favols \/ Miel Arquitectos + MARMOLBRAVO + MADhel - Fotografia de Exterior, Corrim\u00e3o, Balc\u00e3o\" class=\"thumbs__img b-lazy\" data-nr-picture-id=\"68e3efd717f701018af877d3\" data-pin-nopin=\"true\" src=\"https:\/\/www.europesays.com\/pt\/wp-content\/uploads\/2025\/10\/1760375710_587_50-viviendas-sociales-de-peus-a-terra-i-el-cap-pels-nuvols-miel-arquitectos-plus-marmolbravo-plus-ma.jpeg\" height=\"125\" longdesc=\"https:\/\/www.archdaily.com.br\/br\/1034836\/habitacao-de-interesse-social-de-peus-a-terra-i-el-cap-pels-nuvols-miel-arquitectos-plus-marmolbravo-plus-madhel\/68e3efd717f701018af877d3-habitacao-de-interesse-social-de-peus-a-terra-i-el-cap-pels-nuvols-miel-arquitectos-plus-marmolbravo-plus-madhel-foto\" title=\"\u00a9 Jose Hevia\" width=\"125\"\/><\/a><a class=\"thumbs__link\" data-nr-picture-id=\"68e3efd70e2f14018bccf4b3\" href=\"https:\/\/www.archdaily.com.br\/br\/1034836\/habitacao-de-interesse-social-de-peus-a-terra-i-el-cap-pels-nuvols-miel-arquitectos-plus-marmolbravo-plus-madhel\/68e3efd70e2f14018bccf4b3-habitacao-de-interesse-social-de-peus-a-terra-i-el-cap-pels-nuvols-miel-arquitectos-plus-marmolbravo-plus-madhel-foto\" rel=\"attachment nofollow noopener\" target=\"_blank\"><img loading=\"lazy\" decoding=\"async\" alt=\"Habita\u00e7\u00e3o de Interesse Social \u2013 DE PEUS A TERRA i el cap pels n\u00favols \/ Miel Arquitectos + MARMOLBRAVO + MADhel - Fotografia de Interiores, Madeira\" class=\"thumbs__img b-lazy\" data-nr-picture-id=\"68e3efd70e2f14018bccf4b3\" data-pin-nopin=\"true\" src=\"https:\/\/www.europesays.com\/pt\/wp-content\/uploads\/2025\/10\/1760375711_878_50-viviendas-sociales-de-peus-a-terra-i-el-cap-pels-nuvols-miel-arquitectos-plus-marmolbravo-plus-ma.jpeg\" height=\"125\" longdesc=\"https:\/\/www.archdaily.com.br\/br\/1034836\/habitacao-de-interesse-social-de-peus-a-terra-i-el-cap-pels-nuvols-miel-arquitectos-plus-marmolbravo-plus-madhel\/68e3efd70e2f14018bccf4b3-habitacao-de-interesse-social-de-peus-a-terra-i-el-cap-pels-nuvols-miel-arquitectos-plus-marmolbravo-plus-madhel-foto\" title=\"\u00a9 Jose Hevia\" width=\"125\"\/><\/a><a class=\"thumbs__link\" data-nr-picture-id=\"68e3efd70e2f144f55c53969\" href=\"https:\/\/www.archdaily.com.br\/br\/1034836\/habitacao-de-interesse-social-de-peus-a-terra-i-el-cap-pels-nuvols-miel-arquitectos-plus-marmolbravo-plus-madhel\/68e3efd70e2f144f55c53969-habitacao-de-interesse-social-de-peus-a-terra-i-el-cap-pels-nuvols-miel-arquitectos-plus-marmolbravo-plus-madhel-foto\" rel=\"attachment nofollow noopener\" target=\"_blank\"><img loading=\"lazy\" decoding=\"async\" alt=\"Habita\u00e7\u00e3o de Interesse Social \u2013 DE PEUS A TERRA i el cap pels n\u00favols \/ Miel Arquitectos + MARMOLBRAVO + MADhel - Fotografia de Interiores, Madeira\" class=\"thumbs__img b-lazy\" data-nr-picture-id=\"68e3efd70e2f144f55c53969\" data-pin-nopin=\"true\" src=\"https:\/\/www.europesays.com\/pt\/wp-content\/uploads\/2025\/10\/1760375711_795_50-viviendas-sociales-de-peus-a-terra-i-el-cap-pels-nuvols-miel-arquitectos-plus-marmolbravo-plus-ma.jpeg\" height=\"125\" longdesc=\"https:\/\/www.archdaily.com.br\/br\/1034836\/habitacao-de-interesse-social-de-peus-a-terra-i-el-cap-pels-nuvols-miel-arquitectos-plus-marmolbravo-plus-madhel\/68e3efd70e2f144f55c53969-habitacao-de-interesse-social-de-peus-a-terra-i-el-cap-pels-nuvols-miel-arquitectos-plus-marmolbravo-plus-madhel-foto\" title=\"\u00a9 Jose Hevia\" width=\"125\"\/><\/a><a class=\"gallery-link afd-desktop-e\" href=\"https:\/\/www.archdaily.com.br\/br\/1034836\/habitacao-de-interesse-social-de-peus-a-terra-i-el-cap-pels-nuvols-miel-arquitectos-plus-marmolbravo-plus-madhel\/68e3efd717f701018af877d1-habitacao-de-interesse-social-de-peus-a-terra-i-el-cap-pels-nuvols-miel-arquitectos-plus-marmolbravo-plus-madhel-foto\" rel=\"nofollow noopener\" target=\"_blank\"><img decoding=\"async\" alt=\"Habita\u00e7\u00e3o de Interesse Social \u2013 DE PEUS A TERRA i el cap pels n\u00favols \/ Miel Arquitectos + MARMOLBRAVO + MADhel - Mais Imagens\" class=\"thumbs__img b-lazy\" src=\"https:\/\/www.europesays.com\/pt\/wp-content\/uploads\/2025\/10\/50-viviendas-sociales-de-peus-a-terra-i-el-cap-pels-nuvols-miel-arquitectos-plus-marmolbravo-plus-ma.jpeg\" itemprop=\"image\" bad-src=\"data:image\/gif;base64,R0lGODlhAQABAIAAAAUEBAAAACwAAAAAAQABAAACAkQBADs=\"\/>+ 17<\/a><\/p>\n<p>    Compartilhar<\/p>\n<p>Compartilhar<\/p>\n<ul class=\"afd-share__networks clearfix\">\n<li class=\"afd-share__social\"><a aria-label=\"Facebook\" class=\"afd-share__button\" data-insights-category=\"share\" data-insights-label=\"facebook_sharing_options\" data-insights-value=\"1034836\" data-social=\"facebook\" href=\"https:\/\/www.facebook.com\/sharer\/sharer.php?u=https:\/\/www.archdaily.com.br\/br\/1034836\/habitacao-de-interesse-social-de-peus-a-terra-i-el-cap-pels-nuvols-miel-arquitectos-plus-marmolbravo-plus-madhel\" rel=\"nofollow noopener\" target=\"_blank\"><\/a>\n<p>Facebook<\/p>\n<\/li>\n<li class=\"afd-share__social\"><a aria-label=\"Twitter\" class=\"afd-share__button\" data-insights-category=\"share\" data-insights-label=\"twitter_sharing_options\" data-insights-value=\"1034836\" data-social=\"twitter\" href=\"https:\/\/twitter.com\/intent\/tweet?text=Habita%C3%A7%C3%A3o%20de%20Interesse%20Social%20%E2%80%93%20DE%20PEUS%20A%20TERRA%20i%20el%20cap%20pels%20n%C3%BAvols%20%2F%20Miel%20Arquitectos%20%2B%20MARMOLBRAVO%20%2B%20MADhel&amp;url=https:\/\/www.archdaily.com.br\/br\/1034836\/habitacao-de-interesse-social-de-peus-a-terra-i-el-cap-pels-nuvols-miel-arquitectos-plus-marmolbravo-plus-madhel&amp;via=archdailybr\" rel=\"nofollow noopener\" target=\"_blank\"><\/a>\n<p>Twitter<\/p>\n<\/li>\n<li class=\"afd-share__social\"><a class=\"afd-share__button\" data-insights-category=\"share\" data-insights-label=\"email_sharing_options\" data-insights-value=\"1034836\" data-social=\"email\" href=\"mailto:?subject=Habita\u00e7\u00e3o de Interesse Social \u2013 DE PEUS A TERRA i el cap pels n\u00favols \/ Miel Arquitectos + MARMOLBRAVO + MADhel&amp;body=https:\/\/www.archdaily.com.br\/br\/1034836\/habitacao-de-interesse-social-de-peus-a-terra-i-el-cap-pels-nuvols-miel-arquitectos-plus-marmolbravo-plus-madhel\"><\/a>\n<p>Mail<\/p>\n<\/li>\n<li class=\"afd-share__social\"><a aria-label=\"Pinterest\" class=\"afd-share__button\" data-insights-category=\"share\" data-insights-label=\"pinterest_sharing_options\" data-insights-value=\"1034836\" data-social=\"pinterest\" href=\"https:\/\/pinterest.com\/pin\/create\/button\/?url=https%3A%2F%2Fwww.archdaily.com.br%2Fbr%2F1034836%2Fhabitacao-de-interesse-social-de-peus-a-terra-i-el-cap-pels-nuvols-miel-arquitectos-plus-marmolbravo-plus-madhel&amp;media=https%3A%2F%2Fimages.adsttc.com%2Fmedia%2Fimages%2F68e3%2Fefd7%2F17f7%2F0101%2F8af8%2F77d1%2Flarge_jpg%2F50-viviendas-sociales-de-peus-a-terra-i-el-cap-pels-nuvols-miel-arquitectos-plus-marmolbravo-plus-madhel_1.jpg%3F1759768555&amp;description=Habita%C3%A7%C3%A3o%20de%20Interesse%20Social%20%E2%80%93%20DE%20PEUS%20A%20TERRA%20i%20el%20cap%20pels%20n%C3%BAvols%20%2F%20Miel%20Arquitectos%20%2B%20MARMOLBRAVO%20%2B%20MADhel\" rel=\"nofollow noopener\" target=\"_blank\"><\/a>\n<p>Pinterest<\/p>\n<\/li>\n<li class=\"afd-share__social\"><a aria-label=\"Whatsapp\" class=\"afd-share__button\" data-action=\"share\/whatsapp\/share\" data-insights-category=\"share\" data-insights-label=\"whatsapp_sharing_options\" data-insights-value=\"1034836\" data-social=\"whatsapp\" href=\"whatsapp:\/\/send?text=Habita%C3%A7%C3%A3o+de+Interesse+Social+%E2%80%93+DE+PEUS+A+TERRA+i+el+cap+pels+n%C3%BAvols+%2F+Miel+Arquitectos+%2B+MARMOLBRAVO+%2B+MADhel+%7C+https%3A%2F%2Fwww.archdaily.com.br%2Fbr%2F1034836%2Fhabitacao-de-interesse-social-de-peus-a-terra-i-el-cap-pels-nuvols-miel-arquitectos-plus-marmolbravo-plus-madhel%3Futm_source%3DWhatsapp%26utm_medium%3DIM%26utm_campaign%3Dshare-button\" rel=\"nofollow\"><\/a>\n<p>Whatsapp<\/p>\n<\/li>\n<\/ul>\n<p>Ou<\/p>\n<p>https:\/\/www.archdaily.com.br\/br\/1034836\/habitacao-de-interesse-social-de-peus-a-terra-i-el-cap-pels-nuvols-miel-arquitectos-plus-marmolbravo-plus-madhel<\/p>\n<ul class=\"afd-char-list afd-specs__item-container js-char-list\" wp_automatic_readability=\"0.4386189258312\">\n<li class=\"afd-specs__item\">\n<\/li>\n<li class=\"afd-specs__item\">\n  \u00c1rea<br \/>\n  \u00c1rea deste projeto de arquitetura<\/p>\n<p>\u00c1rea:\u00a0<br \/>\n        <a href=\"https:\/\/www.archdaily.com.br\/search\/br\/projects\/min_area\/7\/max_area\/10?ad_name=project-specs&amp;ad_medium=single\" rel=\"nofollow noopener\" target=\"_blank\">8<\/a> m\u00b2<\/li>\n<li class=\"afd-specs__item\">\n<p>  Ano<br \/>\n  Ano de conclus\u00e3o deste projeto de arquitetura<\/p>\n<p>            Ano:\u00a0<\/p>\n<p>                    <a href=\"https:\/\/www.archdaily.com.br\/search\/br\/projects\/year\/2025?ad_name=project-specs&amp;ad_medium=single\" rel=\"nofollow noopener\" target=\"_blank\"><br \/>\n          2025<br \/>\n        <\/a><\/p>\n<\/li>\n<li class=\"afd-specs__item\">\n<p>  Fot\u00f3grafo<\/p>\n<\/li>\n<li class=\"afd-specs__item\" wp_automatic_readability=\"4\">\n<p>  Fabricantes<br \/>\n  Marcas com produtos usados neste projeto de arquitetura<\/p>\n<p>Fabricantes: \u00a0Cer\u00e1micas Ferr\u00e9s, H\u00f6rmann ET500, Panasonic, Sistema Sate Prosystem de Baumit, Technal Soleal 55 \/ GY65<\/p>\n<\/li>\n<\/ul>\n<p>Descri\u00e7\u00e3o enviada pela equipe de projeto. Este edif\u00edcio de 50 habita\u00e7\u00f5es sociais, localizado no bairro de Bon Pastor, em <a href=\"https:\/\/www.archdaily.com.br\/br\/tag\/barcelona\" rel=\"nofollow noopener\" target=\"_blank\">Barcelona<\/a>, combina sensatez e \u00edmpeto ao exaltar o valor do coletivo sem perder de vista o cuidado com o espa\u00e7o dom\u00e9stico. O projeto integra o processo de transforma\u00e7\u00e3o das antigas \u201ccasas baratas de Bon Pastor\u201d, um distrito habitacional criado para acolher os trabalhadores que chegaram \u00e0 cidade durante a Exposi\u00e7\u00e3o Internacional de 1929. Originalmente composto por 784 resid\u00eancias t\u00e9rreas com p\u00e1tio interno, o bairro vem sendo gradualmente substitu\u00eddo, desde 2002, por um novo tecido urbano de edif\u00edcios multifamiliares \u2014 o nosso, com t\u00e9rreo mais seis pavimentos, \u00e9 parte dessa renova\u00e7\u00e3o.<\/p>\n<p><a class=\"js-image-size__link lazy-anchor\" href=\"https:\/\/www.archdaily.com.br\/br\/1034836\/habitacao-de-interesse-social-de-peus-a-terra-i-el-cap-pels-nuvols-miel-arquitectos-plus-marmolbravo-plus-madhel\/68e3efd60e2f14018bccf4b1-habitacao-de-interesse-social-de-peus-a-terra-i-el-cap-pels-nuvols-miel-arquitectos-plus-marmolbravo-plus-madhel-foto\" rel=\"nofollow noopener\" target=\"_blank\"><img decoding=\"async\" alt=\"Habita\u00e7\u00e3o de Interesse Social \u2013 DE PEUS A TERRA i el cap pels n\u00favols \/ Miel Arquitectos + MARMOLBRAVO + MADhel - Fotografia de Exterior, Balc\u00e3o\" data-nr-picture-id=\"68e3efd60e2f14018bccf4b1\" height=\"427\" itemprop=\"image\" loading=\"lazy\" longdesc=\"https:\/\/www.archdaily.com.br\/br\/1034836\/habitacao-de-interesse-social-de-peus-a-terra-i-el-cap-pels-nuvols-miel-arquitectos-plus-marmolbravo-plus-madhel\/68e3efd60e2f14018bccf4b1-habitacao-de-interesse-social-de-peus-a-terra-i-el-cap-pels-nuvols-miel-arquitectos-plus-marmolbravo-plus-madhel-foto\" src=\"https:\/\/www.europesays.com\/pt\/wp-content\/uploads\/2025\/10\/1760375712_73_50-viviendas-sociales-de-peus-a-terra-i-el-cap-pels-nuvols-miel-arquitectos-plus-marmolbravo-plus-ma.jpeg\" width=\"640\"\/>\u00a9 Jose Hevia<\/a><\/p>\n<p data-start=\"0\" data-end=\"409\" data-is-last-node=\"\" data-is-only-node=\"\">Nossa principal preocupa\u00e7\u00e3o foi restaurar a sociabilidade caracter\u00edstica do bairro, tradicionalmente desenvolvida ao longo das cal\u00e7adas e espa\u00e7os de vizinhan\u00e7a. O primeiro desafio consistiu em reconciliar a nova escala urbana com a experi\u00eancia do pedestre, o que nos levou a adotar uma s\u00e9rie de estrat\u00e9gias projetuais voltadas \u00e0 proximidade, \u00e0 conviv\u00eancia e \u00e0 continuidade da vida comunit\u00e1ria.<\/p>\n<p>&#13;<br \/>\n<a class=\"js-image-size__link lazy-anchor\" href=\"https:\/\/www.archdaily.com.br\/br\/1034836\/habitacao-de-interesse-social-de-peus-a-terra-i-el-cap-pels-nuvols-miel-arquitectos-plus-marmolbravo-plus-madhel\/68e3efd617f701018af877d0-habitacao-de-interesse-social-de-peus-a-terra-i-el-cap-pels-nuvols-miel-arquitectos-plus-marmolbravo-plus-madhel-foto\" rel=\"nofollow noopener\" target=\"_blank\"><img decoding=\"async\" alt=\"Habita\u00e7\u00e3o de Interesse Social \u2013 DE PEUS A TERRA i el cap pels n\u00favols \/ Miel Arquitectos + MARMOLBRAVO + MADhel - Fotografia de Interiores, Balc\u00e3o, Concreto\" data-nr-picture-id=\"68e3efd617f701018af877d0\" height=\"427\" itemprop=\"image\" loading=\"lazy\" longdesc=\"https:\/\/www.archdaily.com.br\/br\/1034836\/habitacao-de-interesse-social-de-peus-a-terra-i-el-cap-pels-nuvols-miel-arquitectos-plus-marmolbravo-plus-madhel\/68e3efd617f701018af877d0-habitacao-de-interesse-social-de-peus-a-terra-i-el-cap-pels-nuvols-miel-arquitectos-plus-marmolbravo-plus-madhel-foto\" src=\"https:\/\/www.europesays.com\/pt\/wp-content\/uploads\/2025\/10\/1760375712_654_50-viviendas-sociales-de-peus-a-terra-i-el-cap-pels-nuvols-miel-arquitectos-plus-marmolbravo-plus-ma.jpeg\" width=\"640\"\/>\u00a9 Jose Hevia<\/a><\/p>\n<p data-start=\"0\" data-end=\"496\" data-is-last-node=\"\" data-is-only-node=\"\">Escalonamos dois andares em dire\u00e7\u00e3o ao parque localizado ao sul, criando uma transi\u00e7\u00e3o mais suave e uma frente mais acolhedora diante da \u00e1rea infantil. Como as fachadas principais, leste e oeste, recebem n\u00edveis semelhantes de insola\u00e7\u00e3o, adotamos plantas revers\u00edveis: as salas de estar de alguns apartamentos voltam-se para o leste, enquanto as dos vizinhos se abrem para o oeste. Essa altern\u00e2ncia reduz o n\u00famero de varandas sobrepostas e confere ao edif\u00edcio uma apar\u00eancia mais leve e din\u00e2mica.<\/p>\n<p>&#13;<br \/>\n<a class=\"js-image-size__link lazy-anchor\" href=\"https:\/\/www.archdaily.com.br\/br\/1034836\/habitacao-de-interesse-social-de-peus-a-terra-i-el-cap-pels-nuvols-miel-arquitectos-plus-marmolbravo-plus-madhel\/68e3eff90e2f144f55c5396b-habitacao-de-interesse-social-de-peus-a-terra-i-el-cap-pels-nuvols-miel-arquitectos-plus-marmolbravo-plus-madhel-axonometrica-em-camadas\" rel=\"nofollow noopener\" target=\"_blank\"><img decoding=\"async\" alt=\"Habita\u00e7\u00e3o de Interesse Social \u2013 DE PEUS A TERRA i el cap pels n\u00favols \/ Miel Arquitectos + MARMOLBRAVO + MADhel - Imagem 22 de 22\" data-nr-picture-id=\"68e3eff90e2f144f55c5396b\" height=\"427\" itemprop=\"image\" loading=\"lazy\" longdesc=\"https:\/\/www.archdaily.com.br\/br\/1034836\/habitacao-de-interesse-social-de-peus-a-terra-i-el-cap-pels-nuvols-miel-arquitectos-plus-marmolbravo-plus-madhel\/68e3eff90e2f144f55c5396b-habitacao-de-interesse-social-de-peus-a-terra-i-el-cap-pels-nuvols-miel-arquitectos-plus-marmolbravo-plus-madhel-axonometrica-em-camadas\" src=\"https:\/\/www.europesays.com\/pt\/wp-content\/uploads\/2025\/10\/15-de-peus-a-terra-axo-base-plus-fuste-15.jpg\" width=\"640\"\/>Axonom\u00e9trica em Camadas<\/a><a class=\"js-image-size__link lazy-anchor\" href=\"https:\/\/www.archdaily.com.br\/br\/1034836\/habitacao-de-interesse-social-de-peus-a-terra-i-el-cap-pels-nuvols-miel-arquitectos-plus-marmolbravo-plus-madhel\/68e3eff93448b8017d5fa9fc-habitacao-de-interesse-social-de-peus-a-terra-i-el-cap-pels-nuvols-miel-arquitectos-plus-marmolbravo-plus-madhel-planta-terreo\" rel=\"nofollow noopener\" target=\"_blank\"><img decoding=\"async\" alt=\"Habita\u00e7\u00e3o de Interesse Social \u2013 DE PEUS A TERRA i el cap pels n\u00favols \/ Miel Arquitectos + MARMOLBRAVO + MADhel - Imagem 15 de 22\" data-nr-picture-id=\"68e3eff93448b8017d5fa9fc\" height=\"427\" itemprop=\"image\" loading=\"lazy\" longdesc=\"https:\/\/www.archdaily.com.br\/br\/1034836\/habitacao-de-interesse-social-de-peus-a-terra-i-el-cap-pels-nuvols-miel-arquitectos-plus-marmolbravo-plus-madhel\/68e3eff93448b8017d5fa9fc-habitacao-de-interesse-social-de-peus-a-terra-i-el-cap-pels-nuvols-miel-arquitectos-plus-marmolbravo-plus-madhel-planta-terreo\" src=\"https:\/\/www.europesays.com\/pt\/wp-content\/uploads\/2025\/10\/17-de-peus-a-terra-pb-17.jpg\" width=\"640\"\/>Planta &#8211; T\u00e9rreo<\/a><a class=\"js-image-size__link lazy-anchor\" href=\"https:\/\/www.archdaily.com.br\/br\/1034836\/habitacao-de-interesse-social-de-peus-a-terra-i-el-cap-pels-nuvols-miel-arquitectos-plus-marmolbravo-plus-madhel\/68e3eff917f701018af877d6-habitacao-de-interesse-social-de-peus-a-terra-i-el-cap-pels-nuvols-miel-arquitectos-plus-marmolbravo-plus-madhel-planta-tipo-unidades-2-e-3-planta-tipo-unidades-3-e-4\" rel=\"nofollow noopener\" target=\"_blank\"><img decoding=\"async\" alt=\"Habita\u00e7\u00e3o de Interesse Social \u2013 DE PEUS A TERRA i el cap pels n\u00favols \/ Miel Arquitectos + MARMOLBRAVO + MADhel - Imagem 18 de 22\" data-nr-picture-id=\"68e3eff917f701018af877d6\" height=\"427\" itemprop=\"image\" loading=\"lazy\" longdesc=\"https:\/\/www.archdaily.com.br\/br\/1034836\/habitacao-de-interesse-social-de-peus-a-terra-i-el-cap-pels-nuvols-miel-arquitectos-plus-marmolbravo-plus-madhel\/68e3eff917f701018af877d6-habitacao-de-interesse-social-de-peus-a-terra-i-el-cap-pels-nuvols-miel-arquitectos-plus-marmolbravo-plus-madhel-planta-tipo-unidades-2-e-3-planta-tipo-unidades-3-e-4\" src=\"https:\/\/www.europesays.com\/pt\/wp-content\/uploads\/2025\/10\/22-de-peus-a-terra-plantas-tipo-22.jpg\" width=\"640\"\/>Planta &#8211; Tipo Unidades 2 e 3 \u2013 Planta &#8211; Tipo Unidades 3 e 4<\/a><\/p>\n<p data-start=\"0\" data-end=\"476\" data-is-last-node=\"\" data-is-only-node=\"\">A solidez e a amplitude do t\u00e9rreo em tijolo, em contraste com a leveza do volume que o coroa, atenuam a percep\u00e7\u00e3o do conjunto e equilibram sua presen\u00e7a na paisagem. Esse pavimento dialoga com o entorno por meio de rampas e escadas que reproduzem o mesmo acabamento das cal\u00e7adas, convidando \u00e0 perman\u00eancia e ao percurso. Floreiras abertas estendem a vegeta\u00e7\u00e3o preexistente, promovendo a fus\u00e3o entre arquitetura e paisagem e refor\u00e7ando o car\u00e1ter org\u00e2nico do edif\u00edcio no bairro.<\/p>\n<p>&#13;<br \/>\n<a class=\"js-image-size__link lazy-anchor\" href=\"https:\/\/www.archdaily.com.br\/br\/1034836\/habitacao-de-interesse-social-de-peus-a-terra-i-el-cap-pels-nuvols-miel-arquitectos-plus-marmolbravo-plus-madhel\/68e3efd70e2f14018bccf4b3-habitacao-de-interesse-social-de-peus-a-terra-i-el-cap-pels-nuvols-miel-arquitectos-plus-marmolbravo-plus-madhel-foto\" rel=\"nofollow noopener\" target=\"_blank\"><img decoding=\"async\" alt=\"Habita\u00e7\u00e3o de Interesse Social \u2013 DE PEUS A TERRA i el cap pels n\u00favols \/ Miel Arquitectos + MARMOLBRAVO + MADhel - Fotografia de Interiores, Madeira\" data-nr-picture-id=\"68e3efd70e2f14018bccf4b3\" height=\"427\" itemprop=\"image\" loading=\"lazy\" longdesc=\"https:\/\/www.archdaily.com.br\/br\/1034836\/habitacao-de-interesse-social-de-peus-a-terra-i-el-cap-pels-nuvols-miel-arquitectos-plus-marmolbravo-plus-madhel\/68e3efd70e2f14018bccf4b3-habitacao-de-interesse-social-de-peus-a-terra-i-el-cap-pels-nuvols-miel-arquitectos-plus-marmolbravo-plus-madhel-foto\" src=\"https:\/\/www.europesays.com\/pt\/wp-content\/uploads\/2025\/10\/1760375713_394_50-viviendas-sociales-de-peus-a-terra-i-el-cap-pels-nuvols-miel-arquitectos-plus-marmolbravo-plus-ma.jpeg\" width=\"640\"\/>\u00a9 Jose Hevia<\/a><\/p>\n<p data-start=\"0\" data-end=\"573\" data-is-last-node=\"\" data-is-only-node=\"\">Em seguida, ampliamos os espa\u00e7os coletivos, distribuindo rampas e escadas por todo o edif\u00edcio at\u00e9 alcan\u00e7ar grandes portais que permitem a vis\u00e3o de uma rua \u00e0 outra, trazendo luz e seguran\u00e7a ao interior \u2014 e transpar\u00eancia ao exterior. No interior, esses portais se estendem verticalmente, formando espa\u00e7os de tripla altura que acompanham os moradores at\u00e9 o patamar de suas habita\u00e7\u00f5es. Cores vibrantes refor\u00e7am a vitalidade do conjunto e estimulam o conv\u00edvio, enquanto os tetos verdes e os bancos de madeira em cada andar convidam \u00e0 pausa, ao di\u00e1logo e \u00e0 conviv\u00eancia cotidiana.<\/p>\n<p>&#13;<br \/>\n<a class=\"js-image-size__link lazy-anchor\" href=\"https:\/\/www.archdaily.com.br\/br\/1034836\/habitacao-de-interesse-social-de-peus-a-terra-i-el-cap-pels-nuvols-miel-arquitectos-plus-marmolbravo-plus-madhel\/68e3efd73448b8017d5fa9fb-habitacao-de-interesse-social-de-peus-a-terra-i-el-cap-pels-nuvols-miel-arquitectos-plus-marmolbravo-plus-madhel-foto\" rel=\"nofollow noopener\" target=\"_blank\"><img decoding=\"async\" alt=\"Habita\u00e7\u00e3o de Interesse Social \u2013 DE PEUS A TERRA i el cap pels n\u00favols \/ Miel Arquitectos + MARMOLBRAVO + MADhel - Fotografia de Interiores, Balc\u00e3o\" data-nr-picture-id=\"68e3efd73448b8017d5fa9fb\" height=\"427\" itemprop=\"image\" loading=\"lazy\" longdesc=\"https:\/\/www.archdaily.com.br\/br\/1034836\/habitacao-de-interesse-social-de-peus-a-terra-i-el-cap-pels-nuvols-miel-arquitectos-plus-marmolbravo-plus-madhel\/68e3efd73448b8017d5fa9fb-habitacao-de-interesse-social-de-peus-a-terra-i-el-cap-pels-nuvols-miel-arquitectos-plus-marmolbravo-plus-madhel-foto\" src=\"https:\/\/www.europesays.com\/pt\/wp-content\/uploads\/2025\/10\/1760375714_726_50-viviendas-sociales-de-peus-a-terra-i-el-cap-pels-nuvols-miel-arquitectos-plus-marmolbravo-plus-ma.jpeg\" width=\"640\"\/>\u00a9 Jose Hevia<\/a><\/p>\n<p data-start=\"0\" data-end=\"694\" data-is-last-node=\"\" data-is-only-node=\"\">No interior dom\u00e9stico, as habita\u00e7\u00f5es revers\u00edveis possuem aberturas e varandas em ambas as fachadas, favorecendo a ilumina\u00e7\u00e3o natural e a ventila\u00e7\u00e3o cruzada. As amplas varandas, com v\u00e3os superiores a cinco metros, prolongam as salas para o exterior, dissolvendo o limite entre casa e p\u00e1tio e oferecendo a cada moradia um espa\u00e7o para sonhar. O n\u00facleo do banheiro permanece isolado no centro da planta, gra\u00e7as a um espa\u00e7o coringa em uma de suas extremidades, que pode funcionar como closet, despensa, \u00e1rea de armazenamento, segundo banheiro ou simples passagem. Esse dispositivo promove a flexibilidade de uso, estimulando a transforma\u00e7\u00e3o, a troca de fun\u00e7\u00f5es e at\u00e9 de modos de habitar.<\/p>\n<p>&#13;<br \/>\n<a class=\"js-image-size__link lazy-anchor\" href=\"https:\/\/www.archdaily.com.br\/br\/1034836\/habitacao-de-interesse-social-de-peus-a-terra-i-el-cap-pels-nuvols-miel-arquitectos-plus-marmolbravo-plus-madhel\/68e3efd717f701018af877d3-habitacao-de-interesse-social-de-peus-a-terra-i-el-cap-pels-nuvols-miel-arquitectos-plus-marmolbravo-plus-madhel-foto\" rel=\"nofollow noopener\" target=\"_blank\"><img decoding=\"async\" alt=\"Habita\u00e7\u00e3o de Interesse Social \u2013 DE PEUS A TERRA i el cap pels n\u00favols \/ Miel Arquitectos + MARMOLBRAVO + MADhel - Fotografia de Exterior, Corrim\u00e3o, Balc\u00e3o\" data-nr-picture-id=\"68e3efd717f701018af877d3\" height=\"427\" itemprop=\"image\" loading=\"lazy\" longdesc=\"https:\/\/www.archdaily.com.br\/br\/1034836\/habitacao-de-interesse-social-de-peus-a-terra-i-el-cap-pels-nuvols-miel-arquitectos-plus-marmolbravo-plus-madhel\/68e3efd717f701018af877d3-habitacao-de-interesse-social-de-peus-a-terra-i-el-cap-pels-nuvols-miel-arquitectos-plus-marmolbravo-plus-madhel-foto\" src=\"https:\/\/www.europesays.com\/pt\/wp-content\/uploads\/2025\/10\/1760375714_368_50-viviendas-sociales-de-peus-a-terra-i-el-cap-pels-nuvols-miel-arquitectos-plus-marmolbravo-plus-ma.jpeg\" width=\"640\"\/>\u00a9 Jose Hevia<\/a><a class=\"js-image-size__link lazy-anchor\" href=\"https:\/\/www.archdaily.com.br\/br\/1034836\/habitacao-de-interesse-social-de-peus-a-terra-i-el-cap-pels-nuvols-miel-arquitectos-plus-marmolbravo-plus-madhel\/68e3efd70e2f14018bccf4b2-habitacao-de-interesse-social-de-peus-a-terra-i-el-cap-pels-nuvols-miel-arquitectos-plus-marmolbravo-plus-madhel-foto\" rel=\"nofollow noopener\" target=\"_blank\"><img decoding=\"async\" alt=\"Habita\u00e7\u00e3o de Interesse Social \u2013 DE PEUS A TERRA i el cap pels n\u00favols \/ Miel Arquitectos + MARMOLBRAVO + MADhel - Fotografia de Exterior, Fachada, Balc\u00e3o\" data-nr-picture-id=\"68e3efd70e2f14018bccf4b2\" height=\"427\" itemprop=\"image\" loading=\"lazy\" longdesc=\"https:\/\/www.archdaily.com.br\/br\/1034836\/habitacao-de-interesse-social-de-peus-a-terra-i-el-cap-pels-nuvols-miel-arquitectos-plus-marmolbravo-plus-madhel\/68e3efd70e2f14018bccf4b2-habitacao-de-interesse-social-de-peus-a-terra-i-el-cap-pels-nuvols-miel-arquitectos-plus-marmolbravo-plus-madhel-foto\" src=\"https:\/\/www.europesays.com\/pt\/wp-content\/uploads\/2025\/10\/1760375715_656_50-viviendas-sociales-de-peus-a-terra-i-el-cap-pels-nuvols-miel-arquitectos-plus-marmolbravo-plus-ma.jpeg\" width=\"640\"\/>\u00a9 Jose Hevia<\/a><\/p>\n<p data-start=\"0\" data-end=\"691\" data-is-last-node=\"\" data-is-only-node=\"\">A disposi\u00e7\u00e3o alternada das varandas cria oportunidades de conviv\u00eancia transversal entre diferentes andares e escadas \u2014 uma verdadeira rua em altura. O edif\u00edcio adota os mesmos materiais que deram origem ao bairro, preservando sua atmosfera singular: muros de tijolo vermelho com variados padr\u00f5es, fachadas que revelam a beleza da imperfei\u00e7\u00e3o manual, elementos cer\u00e2micos, azulejos vitrificados da Bisbal e pisos de granito cont\u00ednuos entre interior e exterior. Todos esses elementos s\u00e3o reinterpretados e aprimorados para atender \u00e0s exig\u00eancias do contexto atual de emerg\u00eancia clim\u00e1tica, resultando em um edif\u00edcio de baix\u00edssimo consumo energ\u00e9tico e alto desempenho ambiental.<\/p>\n<p>&#13;<br \/>\n<a class=\"js-image-size__link lazy-anchor\" href=\"https:\/\/www.archdaily.com.br\/br\/1034836\/habitacao-de-interesse-social-de-peus-a-terra-i-el-cap-pels-nuvols-miel-arquitectos-plus-marmolbravo-plus-madhel\/68e3efd617f701018af877cf-habitacao-de-interesse-social-de-peus-a-terra-i-el-cap-pels-nuvols-miel-arquitectos-plus-marmolbravo-plus-madhel-foto\" rel=\"nofollow noopener\" target=\"_blank\"><img decoding=\"async\" alt=\"Habita\u00e7\u00e3o de Interesse Social \u2013 DE PEUS A TERRA i el cap pels n\u00favols \/ Miel Arquitectos + MARMOLBRAVO + MADhel - Fotografia de Exterior, Fachada, Balc\u00e3o, Concreto\" data-nr-picture-id=\"68e3efd617f701018af877cf\" height=\"427\" itemprop=\"image\" loading=\"lazy\" longdesc=\"https:\/\/www.archdaily.com.br\/br\/1034836\/habitacao-de-interesse-social-de-peus-a-terra-i-el-cap-pels-nuvols-miel-arquitectos-plus-marmolbravo-plus-madhel\/68e3efd617f701018af877cf-habitacao-de-interesse-social-de-peus-a-terra-i-el-cap-pels-nuvols-miel-arquitectos-plus-marmolbravo-plus-madhel-foto\" src=\"https:\/\/www.europesays.com\/pt\/wp-content\/uploads\/2025\/10\/1760375715_187_50-viviendas-sociales-de-peus-a-terra-i-el-cap-pels-nuvols-miel-arquitectos-plus-marmolbravo-plus-ma.jpeg\" width=\"640\"\/>\u00a9 Jose Hevia<\/a><script async src=\"https:\/\/platform.twitter.com\/widgets.js\" charset=\"utf-8\"><\/script><\/p>\n","protected":false},"excerpt":{"rendered":"\u00a9 Jose Hevia + 17 Compartilhar Compartilhar Facebook Twitter Mail Pinterest Whatsapp Ou https:\/\/www.archdaily.com.br\/br\/1034836\/habitacao-de-interesse-social-de-peus-a-terra-i-el-cap-pels-nuvols-miel-arquitectos-plus-marmolbravo-plus-madhel \u00c1rea \u00c1rea deste projeto&hellip;\n","protected":false},"author":2,"featured_media":109299,"comment_status":"","ping_status":"","sticky":false,"template":"","format":"standard","meta":{"footnotes":""},"categories":[144],"tags":[304,361,207,205,206,203,201,202,1235,204,114,115,3958,32,33],"class_list":{"0":"post-109298","1":"post","2":"type-post","3":"status-publish","4":"format-standard","5":"has-post-thumbnail","7":"category-arte-e-design","8":"tag-arquitetura","9":"tag-arquitetura-residencial","10":"tag-arte","11":"tag-arte-e-design","12":"tag-artedesign","13":"tag-arts","14":"tag-arts-and-design","15":"tag-artsanddesign","16":"tag-barcelona","17":"tag-design","18":"tag-entertainment","19":"tag-entretenimento","20":"tag-habitacao-de-interesse-social","21":"tag-portugal","22":"tag-pt"},"share_on_mastodon":{"url":"","error":""},"_links":{"self":[{"href":"https:\/\/www.europesays.com\/pt\/wp-json\/wp\/v2\/posts\/109298","targetHints":{"allow":["GET"]}}],"collection":[{"href":"https:\/\/www.europesays.com\/pt\/wp-json\/wp\/v2\/posts"}],"about":[{"href":"https:\/\/www.europesays.com\/pt\/wp-json\/wp\/v2\/types\/post"}],"author":[{"embeddable":true,"href":"https:\/\/www.europesays.com\/pt\/wp-json\/wp\/v2\/users\/2"}],"replies":[{"embeddable":true,"href":"https:\/\/www.europesays.com\/pt\/wp-json\/wp\/v2\/comments?post=109298"}],"version-history":[{"count":0,"href":"https:\/\/www.europesays.com\/pt\/wp-json\/wp\/v2\/posts\/109298\/revisions"}],"wp:featuredmedia":[{"embeddable":true,"href":"https:\/\/www.europesays.com\/pt\/wp-json\/wp\/v2\/media\/109299"}],"wp:attachment":[{"href":"https:\/\/www.europesays.com\/pt\/wp-json\/wp\/v2\/media?parent=109298"}],"wp:term":[{"taxonomy":"category","embeddable":true,"href":"https:\/\/www.europesays.com\/pt\/wp-json\/wp\/v2\/categories?post=109298"},{"taxonomy":"post_tag","embeddable":true,"href":"https:\/\/www.europesays.com\/pt\/wp-json\/wp\/v2\/tags?post=109298"}],"curies":[{"name":"wp","href":"https:\/\/api.w.org\/{rel}","templated":true}]}}