{"id":109304,"date":"2025-10-13T17:20:26","date_gmt":"2025-10-13T17:20:26","guid":{"rendered":"https:\/\/www.europesays.com\/pt\/109304\/"},"modified":"2025-10-13T17:20:26","modified_gmt":"2025-10-13T17:20:26","slug":"selecao-rafael-leao-e-goncalo-inacio-falham-treino-deste-domingo","status":"publish","type":"post","link":"https:\/\/www.europesays.com\/pt\/109304\/","title":{"rendered":"Sele\u00e7\u00e3o: Rafael Le\u00e3o e Gon\u00e7alo In\u00e1cio falham treino deste domingo"},"content":{"rendered":"<p>Rafael Le\u00e3o e Gon\u00e7alo In\u00e1cio foram baixas no treino deste domingo da Sele\u00e7\u00e3o Nacional. Depois da <a href=\"https:\/\/maisfutebol.iol.pt\/mundial-2026\/apuramento-mundial-202\/mundial-2026-portugal-irlanda-1-0-cronica\" rel=\"nofollow noopener\" target=\"_blank\">vit\u00f3ria diante da Rep\u00fablica da Irlanda<\/a>, os jogadores mais utilizados fizeram \u00abrecupera\u00e7\u00e3o no gin\u00e1sio\u00bb, enquanto que os restantes cumpriram a sess\u00e3o de treino no relvado.<\/p>\n<p>Jo\u00e3o F\u00e9lix, que foi baixa frente \u00e0 Rep\u00fablica da Irlanda devido a uma mialgia, \u00abreiniciou o trabalho de prepara\u00e7\u00e3o individual para o pr\u00f3ximo jogo\u00bb.<\/p>\n<p>A Equipa das Quinas volta a treinar esta segunda-feira, \u00e0s 17 horas, na Cidade do Futebol. O pr\u00f3ximo embate, diante da Hungria, est\u00e1 marcado para esta ter\u00e7a-feira\u00a0<a href=\"https:\/\/maisfutebol.iol.pt\/jogo\/portugal\/hungria\/13820871\" rel=\"nofollow noopener\" target=\"_blank\">[19h45] <\/a>no Est\u00e1dio Jos\u00e9 Alvalade.<\/p>\n<p>\u00a0<\/p>\n","protected":false},"excerpt":{"rendered":"Rafael Le\u00e3o e Gon\u00e7alo In\u00e1cio foram baixas no treino deste domingo da Sele\u00e7\u00e3o Nacional. Depois da vit\u00f3ria diante&hellip;\n","protected":false},"author":2,"featured_media":109305,"comment_status":"","ping_status":"","sticky":false,"template":"","format":"standard","meta":{"footnotes":""},"categories":[87],"tags":[20748,135,4815,46,32,33,47,1818,4338,5420,16170,134],"class_list":{"0":"post-109304","1":"post","2":"type-post","3":"status-publish","4":"format-standard","5":"has-post-thumbnail","7":"category-desporto","8":"tag-baixas","9":"tag-desporto","10":"tag-goncalo-inacio","11":"tag-maisfutebol","12":"tag-portugal","13":"tag-pt","14":"tag-pura-paixao","15":"tag-rafael-leao","16":"tag-selecao","17":"tag-selecao-nacional","18":"tag-selecao-portuguesa","19":"tag-sports"},"share_on_mastodon":{"url":"","error":""},"_links":{"self":[{"href":"https:\/\/www.europesays.com\/pt\/wp-json\/wp\/v2\/posts\/109304","targetHints":{"allow":["GET"]}}],"collection":[{"href":"https:\/\/www.europesays.com\/pt\/wp-json\/wp\/v2\/posts"}],"about":[{"href":"https:\/\/www.europesays.com\/pt\/wp-json\/wp\/v2\/types\/post"}],"author":[{"embeddable":true,"href":"https:\/\/www.europesays.com\/pt\/wp-json\/wp\/v2\/users\/2"}],"replies":[{"embeddable":true,"href":"https:\/\/www.europesays.com\/pt\/wp-json\/wp\/v2\/comments?post=109304"}],"version-history":[{"count":0,"href":"https:\/\/www.europesays.com\/pt\/wp-json\/wp\/v2\/posts\/109304\/revisions"}],"wp:featuredmedia":[{"embeddable":true,"href":"https:\/\/www.europesays.com\/pt\/wp-json\/wp\/v2\/media\/109305"}],"wp:attachment":[{"href":"https:\/\/www.europesays.com\/pt\/wp-json\/wp\/v2\/media?parent=109304"}],"wp:term":[{"taxonomy":"category","embeddable":true,"href":"https:\/\/www.europesays.com\/pt\/wp-json\/wp\/v2\/categories?post=109304"},{"taxonomy":"post_tag","embeddable":true,"href":"https:\/\/www.europesays.com\/pt\/wp-json\/wp\/v2\/tags?post=109304"}],"curies":[{"name":"wp","href":"https:\/\/api.w.org\/{rel}","templated":true}]}}