{"id":109312,"date":"2025-10-13T17:27:11","date_gmt":"2025-10-13T17:27:11","guid":{"rendered":"https:\/\/www.europesays.com\/pt\/109312\/"},"modified":"2025-10-13T17:27:11","modified_gmt":"2025-10-13T17:27:11","slug":"debate-entre-candidatos-a-presidencia-do-benfica-ja-tem-data","status":"publish","type":"post","link":"https:\/\/www.europesays.com\/pt\/109312\/","title":{"rendered":"Debate entre candidatos \u00e0 presid\u00eancia do Benfica j\u00e1 tem data"},"content":{"rendered":"<p>O debate entre os candidatos \u00e0 presid\u00eancia do <a target=\"_blank\" class=\"editor-link autolink-enabled\" href=\"https:\/\/www.abola.pt\/futebol\/benfica-450\" data-resource-id=\"450\" data-resource-type=\"team\" data-sport=\"football\" rel=\"nofollow noopener\">Benfica<\/a> j\u00e1 tem data prevista. O frente a frente est\u00e1 agendado para quinta-feira, dia 23 de outubro, antev\u00e9spera das elei\u00e7\u00f5es, \u00e0s 21h30, e ter\u00e1 transmiss\u00e3o na BTV.<\/p>\n<p>Este ser\u00e1 o \u00fanico debate entre os seis candidatos \u00e0 presid\u00eancia do <a target=\"_blank\" class=\"editor-link autolink-enabled\" href=\"https:\/\/www.abola.pt\/futebol\/benfica-450\" data-resource-id=\"450\" data-resource-type=\"team\" data-sport=\"football\" rel=\"nofollow noopener\">Benfica<\/a>, caso todos aceitem marcar presen\u00e7a. Al\u00e9m do frente a frente, a BTV vai entrevistar individualmente Jo\u00e3o Diogo Manteigas, Jo\u00e3o Noronha Lopes, Martim Mayer, Crist\u00f3v\u00e3o Carvalho, Rui Costa e Lu\u00eds Filipe Vieira e transmitir tempos de antena de cada um.<\/p>\n<p>As entrevistas individuais ser\u00e3o transmitidas j\u00e1 esta ter\u00e7a-feira, a partir das 21h.<\/p>\n<p>As elei\u00e7\u00f5es do <a class=\"autolink-enabled\" data-resource-id=\"450\" data-resource-type=\"team\" data-sport=\"football\" href=\"https:\/\/www.abola.pt\/futebol\/benfica-450\" rel=\"nofollow noopener\" target=\"_blank\">Benfica<\/a> est\u00e3o agendadas para 25 de outubro. <\/p>\n","protected":false},"excerpt":{"rendered":"O debate entre os candidatos \u00e0 presid\u00eancia do Benfica j\u00e1 tem data prevista. O frente a frente est\u00e1&hellip;\n","protected":false},"author":2,"featured_media":109313,"comment_status":"","ping_status":"","sticky":false,"template":"","format":"standard","meta":{"footnotes":""},"categories":[8],"tags":[27,28,15,16,14,25,26,21,22,12,13,19,20,32,23,24,33,17,18,29,30,31],"class_list":{"0":"post-109312","1":"post","2":"type-post","3":"status-publish","4":"format-standard","5":"has-post-thumbnail","7":"category-principais-noticias","8":"tag-breaking-news","9":"tag-breakingnews","10":"tag-featured-news","11":"tag-featurednews","12":"tag-headlines","13":"tag-latest-news","14":"tag-latestnews","15":"tag-main-news","16":"tag-mainnews","17":"tag-news","18":"tag-noticias","19":"tag-noticias-principais","20":"tag-noticiasprincipais","21":"tag-portugal","22":"tag-principais-noticias","23":"tag-principaisnoticias","24":"tag-pt","25":"tag-top-stories","26":"tag-topstories","27":"tag-ultimas","28":"tag-ultimas-noticias","29":"tag-ultimasnoticias"},"share_on_mastodon":{"url":"","error":""},"_links":{"self":[{"href":"https:\/\/www.europesays.com\/pt\/wp-json\/wp\/v2\/posts\/109312","targetHints":{"allow":["GET"]}}],"collection":[{"href":"https:\/\/www.europesays.com\/pt\/wp-json\/wp\/v2\/posts"}],"about":[{"href":"https:\/\/www.europesays.com\/pt\/wp-json\/wp\/v2\/types\/post"}],"author":[{"embeddable":true,"href":"https:\/\/www.europesays.com\/pt\/wp-json\/wp\/v2\/users\/2"}],"replies":[{"embeddable":true,"href":"https:\/\/www.europesays.com\/pt\/wp-json\/wp\/v2\/comments?post=109312"}],"version-history":[{"count":0,"href":"https:\/\/www.europesays.com\/pt\/wp-json\/wp\/v2\/posts\/109312\/revisions"}],"wp:featuredmedia":[{"embeddable":true,"href":"https:\/\/www.europesays.com\/pt\/wp-json\/wp\/v2\/media\/109313"}],"wp:attachment":[{"href":"https:\/\/www.europesays.com\/pt\/wp-json\/wp\/v2\/media?parent=109312"}],"wp:term":[{"taxonomy":"category","embeddable":true,"href":"https:\/\/www.europesays.com\/pt\/wp-json\/wp\/v2\/categories?post=109312"},{"taxonomy":"post_tag","embeddable":true,"href":"https:\/\/www.europesays.com\/pt\/wp-json\/wp\/v2\/tags?post=109312"}],"curies":[{"name":"wp","href":"https:\/\/api.w.org\/{rel}","templated":true}]}}