{"id":109314,"date":"2025-10-13T17:28:08","date_gmt":"2025-10-13T17:28:08","guid":{"rendered":"https:\/\/www.europesays.com\/pt\/109314\/"},"modified":"2025-10-13T17:28:08","modified_gmt":"2025-10-13T17:28:08","slug":"festival-do-rio-longa-com-carolina-dieckmmann-vence-13-10-2025-ilustrada","status":"publish","type":"post","link":"https:\/\/www.europesays.com\/pt\/109314\/","title":{"rendered":"Festival do Rio: Longa com Carolina Dieckmmann vence &#8211; 13\/10\/2025 &#8211; Ilustrada"},"content":{"rendered":"<p>O <a href=\"https:\/\/www1.folha.uol.com.br\/folha-topicos\/festival-do-rio\/\" rel=\"nofollow noopener\" target=\"\">Festival do Rio<\/a>, uma das mostras de cinema mais tradicionais do Brasil, deu seu maior pr\u00eamio para o filme &#8220;Pequenas Criaturas&#8221;, de Anne Pinheiro Guimar\u00e3es. Estrelado por <a href=\"https:\/\/www1.folha.uol.com.br\/folha-topicos\/carolina-dieckmann\/\" rel=\"nofollow noopener\" target=\"\">Carolina Dieckmmann<\/a>, a produ\u00e7\u00e3o conta a hist\u00f3ria de uma mulher que se v\u00ea abandonada pelo marido enquanto tenta criar os dois filhos.<\/p>\n<p>Rog\u00e9rio Nunes levou o pr\u00eamio de melhor dire\u00e7\u00e3o por seu trabalho na anima\u00e7\u00e3o &#8220;Cora\u00e7\u00e3o das Trevas&#8221;.<\/p>\n<p>J\u00e1 o pr\u00eamio de melhor atriz na competi\u00e7\u00e3o principal foi para Klara Castanho pelo filme &#8220;#SalveRosa&#8221;, que narra a vida de uma influenciadora de 13 anos. O trof\u00e9u de melhor ator foi para Gabriel Faryas pelo longa &#8220;Ato Noturno&#8221;, sobre a rela\u00e7\u00e3o de um ator e um pol\u00edtico.<\/p>\n<p>Dirigido por Marcio Reolon e Filipe Matzembacher, esse filme venceu tamb\u00e9m o pr\u00eamio Felix, destinado a celebrar produ\u00e7\u00f5es com tem\u00e1tica queer.<\/p>\n<p><a href=\"https:\/\/www1.folha.uol.com.br\/ilustrada\/2025\/10\/juliette-binoche-afirma-que-tentou-premio-maior-para-o-agente-secreto-em-cannes.shtml\" rel=\"nofollow noopener\" target=\"_blank\">Juliette Binoche<\/a>, uma das maiores atrizes da Fran\u00e7a, foi ao evento lan\u00e7ar seu primeiro trabalho como diretora, o document\u00e1rio &#8220;In-I In Motion&#8221;.<\/p>\n<p>Ela presidiu o j\u00fari do Festival de Cannes deste ano, que premiou<a href=\"https:\/\/www1.folha.uol.com.br\/folha-topicos\/o-agente-secreto\/\" rel=\"nofollow noopener\" target=\"\"> &#8220;O Agente Secreto&#8221; <\/a>com os trof\u00e9us de dire\u00e7\u00e3o, para<a href=\"https:\/\/www1.folha.uol.com.br\/folha-topicos\/kleber-mendonca-filho\/\" rel=\"nofollow noopener\" target=\"\"> Kleber Mendon\u00e7a Filho<\/a>, e de ator, dado a <a href=\"https:\/\/www1.folha.uol.com.br\/folha-topicos\/wagner-moura\/\" rel=\"nofollow noopener\" target=\"\">Wagner Moura.<\/a><\/p>\n<p>O ator, ali\u00e1s, foi ao Cine Odeon, <a href=\"https:\/\/www1.folha.uol.com.br\/folha-topicos\/cinema\/\" rel=\"nofollow noopener\" target=\"_blank\">cinema<\/a> hist\u00f3rico da cidade, participar de uma sess\u00e3o de &#8220;O Agente Secreto&#8221;, com a presen\u00e7a de artistas como Caetano Veloso e Iza.<\/p>\n<p>Confira a lista completa dos vencedores do Festival do Rio:<\/p>\n<p>Premi\u00e8re Brasil: Competi\u00e7\u00e3o principal<\/p>\n<p><strong>Melhor Longa-metragem de Fic\u00e7\u00e3o<\/strong><br \/>&#13;<br \/>\n&#8220;Pequenas Criaturas&#8221;, de Anne Pinheiro Guimar\u00e3es<\/p>\n<p><b>Melhor Longa-Metragem de Fic\u00e7\u00e3o: Voto Popular<\/b><br \/>&#13;<br \/>\n&#8220;#SalveRosa&#8221;, de Susanna Lira (Voto Popular)<\/p>\n<p><strong>Melhor Dire\u00e7\u00e3o de Longa-Metragem de Fic\u00e7\u00e3o<\/strong><br \/>&#13;<br \/>\n&#8220;Cora\u00e7\u00e3o das Trevas&#8221;, de Rog\u00e9rio Nunes<\/p>\n<p><strong>Melhor Atriz<\/strong><br \/>&#13;<br \/>\nKlara Castanho, por &#8220;#SalveRosa&#8221;<\/p>\n<p><strong>Melhor Ator<\/strong><br \/>&#13;<br \/>\nGabriel Faryas, por &#8220;Ato Noturno&#8221;<\/p>\n<p><strong>Melhor Longa-Metragem Document\u00e1rio<\/strong><br \/>&#13;<br \/>\n&#8220;Apolo&#8221;, de Tain\u00e1 M\u00fcller e \u00cdsis Broken<\/p>\n<p>&#8220;Cheiro de Diesel&#8221;, de Natasha Neri e Gizele Martins (Voto Popular)<\/p>\n<p><strong>Pr\u00eamio Especial do J\u00fari<\/strong><br \/>&#13;<br \/>\n&#8220;Cheiro de Diesel&#8221;, de Natasha Neri e Gizele Martins<\/p>\n<p><strong>Melhor Dire\u00e7\u00e3o de Document\u00e1rio<\/strong><br \/>&#13;<br \/>\n&#8220;Dona Onete &#8211; Meu Cora\u00e7\u00e3o Neste Pedacinho Aqui&#8221;, de Mini Kerti<\/p>\n<p><strong>Melhor Atriz Coadjuvante<\/strong><br \/>&#13;<br \/>\nDiva Menner, por &#8220;Ruas da Gl\u00f3ria&#8221;<\/p>\n<p><strong>Melhor Ator Coadjuvante<\/strong><br \/>&#13;<br \/>\nAlejandro Claveaux, por &#8220;Ruas da Gl\u00f3ria&#8221;<\/p>\n<p><strong>Melhor Montagem<\/strong><br \/>&#13;<br \/>\nAndr\u00e9 Finotti, por &#8220;Honestino&#8221;<\/p>\n<p><strong>Melhor Roteiro<\/strong><br \/>&#13;<br \/>\nFilipe Matzembacher e Marcio Reolo, por &#8220;Ato Noturno&#8221;<\/p>\n<p><strong>Melhor Fotografia<\/strong><br \/>&#13;<br \/>\n&#8220;Luciana Baseggio&#8221;, por Ato Noturno<\/p>\n<p><strong>Melhor Dire\u00e7\u00e3o de Arte<\/strong><\/p>\n<p>Claudia Andrade, por &#8220;Pequenas Criaturas&#8221;<\/p>\n<p><strong>Melhor Figurino<\/strong><br \/>&#13;<br \/>\nRenata Russo<strong>, <\/strong> por &#8220;#SalveRosa&#8221;<\/p>\n<p><strong>Melhor Som<\/strong><br \/>&#13;<br \/>\nAriel Henrique e Tales Manfrinato, por &#8220;Love Kills&#8221;<\/p>\n<p><strong>Melhor Trilha Sonora Original<\/strong><br \/>&#13;<br \/>\nPl\u00ednio Profeta, por &#8220;Apolo&#8221;<\/p>\n<p>Premi\u00e8re Brasil: Novos Rumos<\/p>\n<p><strong>Melhor Longa-Metragem<\/strong><br \/>&#13;<br \/>\n&#8220;Uma Em Mil&#8221;, de Jonatas Rubert e Tiago Rubert<\/p>\n<p><strong>Melhor Longa-Metragem: J\u00fari Popular<\/strong><br \/>&#13;<br \/>\n&#8220;A Heran\u00e7a de Narcisa&#8221;, de Clarissa Appelt e Daniel Dias<\/p>\n<p><strong>Melhor Dire\u00e7\u00e3o<\/strong><br \/>&#13;<br \/>\n&#8220;Espelho Cigano&#8221;, de Jo\u00e3o Borges<\/p>\n<p><strong>Melhor Atriz<\/strong><br \/>&#13;<br \/>\n&#8220;Criadas&#8221;, de Ana Flavia Cavalcante e Mawusi Tulani<\/p>\n<p><strong>Melhor Ator<\/strong><br \/>&#13;<br \/>\n&#8220;Eu N\u00e3o Te Ou\u00e7o&#8221;, de M\u00e1rcio Vito<\/p>\n<p><strong>Pr\u00eamio Especial do J\u00fari<\/strong><br \/>&#13;<br \/>\n&#8220;Nada a Fazer&#8221;, de \u00c2ngela Leal e Leandra Leal<\/p>\n<p><strong>Melhor Curta-Metragem<\/strong><br \/>&#13;<br \/>\n&#8220;Ponto Cego&#8221;, de Luciana Vieira e Marcel Beltr\u00e1n<\/p>\n<p><strong>Men\u00e7\u00e3o Honrosa<\/strong><br \/>&#13;<br \/>\n&#8220;Os Arcos Dourados de Olinda&#8221;, de Douglas Henrique<\/p>\n<p>Pr\u00eamio Felix<\/p>\n<p><strong>Melhor Filme Brasileiro<\/strong><br \/>&#13;<br \/>\n&#8220;Ato Noturno&#8221;, de Marcio Reolon e Filipe Matzembacher<\/p>\n<p><strong>Melhor Filme Internacional<\/strong><br \/>&#13;<br \/>\n&#8220;A Sapatona Gal\u00e1ctica&#8221; (&#8220;Lesbian Space Princess&#8221;), de Leela Varghese e Emma Hough Hobb<\/p>\n<p><strong>Melhor Document\u00e1rio<\/strong><br \/>&#13;<br \/>\n&#8220;Copacabana, 4 de Maio&#8221;, de Allan Ribeiro<\/p>\n<p><strong>Pr\u00eamio Especial do J\u00fari<\/strong><br \/>&#13;<br \/>\n&#8220;Me Ame Com Ternura&#8221; (&#8220;Love Me Tender&#8221;), de Anna Cazenave Cambe<\/p>\n","protected":false},"excerpt":{"rendered":"O Festival do Rio, uma das mostras de cinema mais tradicionais do Brasil, deu seu maior pr\u00eamio para&hellip;\n","protected":false},"author":2,"featured_media":109315,"comment_status":"","ping_status":"","sticky":false,"template":"","format":"standard","meta":{"footnotes":""},"categories":[145],"tags":[211,210,470,114,115,1203,16546,236,5267,32,33,2326],"class_list":{"0":"post-109314","1":"post","2":"type-post","3":"status-publish","4":"format-standard","5":"has-post-thumbnail","7":"category-celebridades","8":"tag-celebridades","9":"tag-celebrities","10":"tag-cinema","11":"tag-entertainment","12":"tag-entretenimento","13":"tag-festival-de-cinema","14":"tag-festival-do-rio","15":"tag-folha","16":"tag-mostra-de-cinema","17":"tag-portugal","18":"tag-pt","19":"tag-rio-de-janeiro"},"share_on_mastodon":{"url":"","error":""},"_links":{"self":[{"href":"https:\/\/www.europesays.com\/pt\/wp-json\/wp\/v2\/posts\/109314","targetHints":{"allow":["GET"]}}],"collection":[{"href":"https:\/\/www.europesays.com\/pt\/wp-json\/wp\/v2\/posts"}],"about":[{"href":"https:\/\/www.europesays.com\/pt\/wp-json\/wp\/v2\/types\/post"}],"author":[{"embeddable":true,"href":"https:\/\/www.europesays.com\/pt\/wp-json\/wp\/v2\/users\/2"}],"replies":[{"embeddable":true,"href":"https:\/\/www.europesays.com\/pt\/wp-json\/wp\/v2\/comments?post=109314"}],"version-history":[{"count":0,"href":"https:\/\/www.europesays.com\/pt\/wp-json\/wp\/v2\/posts\/109314\/revisions"}],"wp:featuredmedia":[{"embeddable":true,"href":"https:\/\/www.europesays.com\/pt\/wp-json\/wp\/v2\/media\/109315"}],"wp:attachment":[{"href":"https:\/\/www.europesays.com\/pt\/wp-json\/wp\/v2\/media?parent=109314"}],"wp:term":[{"taxonomy":"category","embeddable":true,"href":"https:\/\/www.europesays.com\/pt\/wp-json\/wp\/v2\/categories?post=109314"},{"taxonomy":"post_tag","embeddable":true,"href":"https:\/\/www.europesays.com\/pt\/wp-json\/wp\/v2\/tags?post=109314"}],"curies":[{"name":"wp","href":"https:\/\/api.w.org\/{rel}","templated":true}]}}