{"id":109318,"date":"2025-10-13T17:31:11","date_gmt":"2025-10-13T17:31:11","guid":{"rendered":"https:\/\/www.europesays.com\/pt\/109318\/"},"modified":"2025-10-13T17:31:11","modified_gmt":"2025-10-13T17:31:11","slug":"liliana-levanta-se-e-grita-para-pedro-jorge-secret-story","status":"publish","type":"post","link":"https:\/\/www.europesays.com\/pt\/109318\/","title":{"rendered":"Liliana levanta-se e grita para Pedro Jorge &#8211; Secret Story"},"content":{"rendered":"<p>No Secret Story, vive-se uma cadeira quente muito tensa. Depois de Dylan ter enfrentado Pedro Jorge, \u00e9 a vez de Liliana se levantar e gritar com o concorrente: \u00abN\u00e3o vais falar aqui com mulheres da mesma forma&#8230;\u00bb\u00a0<\/p>\n<p>L\u00eddia foi a concorrente expulsa na gala deste domingo. Ap\u00f3s abandonar a casa mais vigiada do Pa\u00eds, L\u00eddia ficou em choque ao descobrir o segredo que une Marisa a Pedro Jorge. Veja o v\u00eddeo do momento aqui:<\/p>\n<p><a href=\"https:\/\/tvi.iol.pt\/secretstory\/videos\/viral-esta-foi-a-reacao-hilariante-de-lidia-ao-descobrir-o-segredo-de-marisa\/68ec3ac80cf29d28d828d282\" rel=\"nofollow noopener\" target=\"_blank\">Viral: Esta foi a rea\u00e7\u00e3o hilariante de L\u00eddia ao descobrir o segredo de Marisa<\/a><\/p>\n","protected":false},"excerpt":{"rendered":"No Secret Story, vive-se uma cadeira quente muito tensa. Depois de Dylan ter enfrentado Pedro Jorge, \u00e9 a&hellip;\n","protected":false},"author":2,"featured_media":109319,"comment_status":"","ping_status":"","sticky":false,"template":"","format":"standard","meta":{"footnotes":""},"categories":[142],"tags":[19374,19373,114,115,19016,14646,19375,32,33,151],"class_list":{"0":"post-109318","1":"post","2":"type-post","3":"status-publish","4":"format-standard","5":"has-post-thumbnail","7":"category-tv","8":"tag-confrontos-concorrentes","9":"tag-discussoes-secret-story","10":"tag-entertainment","11":"tag-entretenimento","12":"tag-liliana","13":"tag-pedro","14":"tag-polemicas","15":"tag-portugal","16":"tag-pt","17":"tag-tv"},"share_on_mastodon":{"url":"","error":""},"_links":{"self":[{"href":"https:\/\/www.europesays.com\/pt\/wp-json\/wp\/v2\/posts\/109318","targetHints":{"allow":["GET"]}}],"collection":[{"href":"https:\/\/www.europesays.com\/pt\/wp-json\/wp\/v2\/posts"}],"about":[{"href":"https:\/\/www.europesays.com\/pt\/wp-json\/wp\/v2\/types\/post"}],"author":[{"embeddable":true,"href":"https:\/\/www.europesays.com\/pt\/wp-json\/wp\/v2\/users\/2"}],"replies":[{"embeddable":true,"href":"https:\/\/www.europesays.com\/pt\/wp-json\/wp\/v2\/comments?post=109318"}],"version-history":[{"count":0,"href":"https:\/\/www.europesays.com\/pt\/wp-json\/wp\/v2\/posts\/109318\/revisions"}],"wp:featuredmedia":[{"embeddable":true,"href":"https:\/\/www.europesays.com\/pt\/wp-json\/wp\/v2\/media\/109319"}],"wp:attachment":[{"href":"https:\/\/www.europesays.com\/pt\/wp-json\/wp\/v2\/media?parent=109318"}],"wp:term":[{"taxonomy":"category","embeddable":true,"href":"https:\/\/www.europesays.com\/pt\/wp-json\/wp\/v2\/categories?post=109318"},{"taxonomy":"post_tag","embeddable":true,"href":"https:\/\/www.europesays.com\/pt\/wp-json\/wp\/v2\/tags?post=109318"}],"curies":[{"name":"wp","href":"https:\/\/api.w.org\/{rel}","templated":true}]}}