{"id":109320,"date":"2025-10-13T17:32:08","date_gmt":"2025-10-13T17:32:08","guid":{"rendered":"https:\/\/www.europesays.com\/pt\/109320\/"},"modified":"2025-10-13T17:32:08","modified_gmt":"2025-10-13T17:32:08","slug":"korn-anuncia-show-no-brasil-com-spiritbox-e-seven-hours-after-violet","status":"publish","type":"post","link":"https:\/\/www.europesays.com\/pt\/109320\/","title":{"rendered":"Korn anuncia show no Brasil com Spiritbox e Seven Hours After Violet"},"content":{"rendered":"<p>O Korn vir\u00e1 ao Brasil pela s\u00e9tima vez em sua carreira. E, desta vez, acompanhado de Spiritbox e Seven Hours After Violet.<\/p>\n<p>\u00ad<\/p>\n<p>&#8211; Advertisement &#8211;<\/p>\n<p>A apresenta\u00e7\u00e3o \u00fanica no Allianz Parque, em S\u00e3o Paulo, ocorrer\u00e1 em 16 de maio de 2026. Ingressos estar\u00e3o \u00e0 venda no site Eventim a partir de quinta-feira (16), \u00e0s 13h, e uma hora depois na bilheteria do est\u00e1dio.<\/p>\n<p>Haver\u00e1 pr\u00e9-venda do artista a partir do meio-dia desta ter\u00e7a (14). cadastre-se para receber o c\u00f3digo em kornofficial.com.<\/p>\n<p>Pre\u00e7os:<\/p>\n<p>Cadeira superior \u2013 R$ 182,50 (meia-entrada) | R$ 365,00 (inteira)<br \/>Pista \u2013 R$ 247,50 (meia-entrada) | R$ 495,00 (inteira)<br \/>Cadeira inferior -R$ 322,50 (meia-entrada) | R$ 645,00 (inteira)<br \/>Pista Premium \u2013 R$ 497,50 (meia-entrada) | R$ 995,00 (inteira)<br \/>Hotseat \u2013 R$ 822,50 (meia-entrada) | R$ 1.145,00 (inteira)<br \/>Pacote VIP \u2013 R$ 1.287,50 (meia-entrada) | R$ 1.785,00 (inteira)<\/p>\n<p>Korn no Brasil<\/p>\n<p>O retorno do Korn ao Brasil acontece 8 anos depois da \u00faltima passagem da banda por aqui, em 2017. Na ocasi\u00e3o, o grupo americano divulgava o \u00e1lbum \u201cThe Serenity of Suffering\u201d (2016) e se apresentou em S\u00e3o Paulo, Curitiba e Porto Alegre. Antes disso, estiveram por aqui em 2002, 2008, 2010, 2013 e 2015.<\/p>\n<p>O \u00e1lbum mais recente do Korn \u00e9 \u201cRequiem\u201d, que saiu em 2022. Desde 2021, o baixista Reginald \u201cFieldy\u201d Arvizu est\u00e1 em um hiato por problemas pessoais, sem se apresentar ao vivo com a banda, embora tenha tocado no \u00faltimo disco. O m\u00fasico vem sendo substitu\u00eddo nos shows por Ra D\u00edaz.<\/p>\n<p>A forma\u00e7\u00e3o \u00e9 completada pelo vocalista Jonathan Davis, os guitarristas James \u201cMunky\u201d Shaffer e Brian \u201cHead\u201d Welch e o baterista Ray Luzier. A banda concluiu, no in\u00edcio deste m\u00eas, uma turn\u00ea pela Am\u00e9rica do Norte. O show final ocorreu no festival Aftershock, nos Estados Unidos, na posi\u00e7\u00e3o de headliner de um dos quatro dias.<\/p>\n<p>Servi\u00e7o<\/p>\n<p><strong>Korn @S\u00e3o Paulo<\/strong><br \/><strong>Data:\u00a0<\/strong>16 de maio de 2026 (s\u00e1bado)<br \/><strong>Local:<\/strong>\u00a0Allianz Parque \u2013 Av. Francisco Matarazzo, 1705 \u2013 \u00c1gua Branca \u2013 S\u00e3o Paulo\/SP<br \/><strong>Hor\u00e1rio de Abertura da casa:\u00a0<\/strong>16h\u00a0<br \/><strong>Classifica\u00e7\u00e3o Et\u00e1ria:\u00a0<\/strong>Entrada e perman\u00eancia de crian\u00e7as\/adolescentes de 5 a 15 anos de idade, acompanhados dos pais ou respons\u00e1veis, e de 16 a 17 anos, desacompanhados dos pais ou respons\u00e1veis legais.<br \/><strong>Setores e pre\u00e7os:<br \/><\/strong>Cadeira superior \u2013 R$ 182,50 (meia-entrada) | R$ 365,00 (inteira)<br \/>Pista \u2013 R$ 247,50 (meia-entrada) | R$ 495,00 (inteira)<br \/>Cadeira inferior -R$ 322,50 (meia-entrada) | R$ 645,00 (inteira)<br \/>Pista Premium \u2013 R$ 497,50 (meia-entrada) | R$ 995,00 (inteira)<br \/>Hotseat \u2013 R$ 822,50 (meia-entrada) | R$ 1.145,00 (inteira)<br \/>Pacote VIP \u2013 R$ 1.287,50 (meia-entrada) | R$ 1.785,00 (inteira)<br \/><strong>In\u00edcio das vendas:<\/strong>\u00a0<br \/><strong>Venda geral:<\/strong>\u00a016 de outubro, \u00e0s 13h<br \/><strong>Vendas online em:<\/strong>\u00a0<a href=\"http:\/\/eventim.com.br\/Korn\" target=\"_blank\" rel=\"noreferrer noopener nofollow\">eventim.com.br\/Korn<\/a><br \/><strong>Bilheteria oficial:<\/strong>\u00a0<br \/>Bilheteria A \u2013 Allianz Parque \u2013 Endere\u00e7o: Rua Palestra It\u00e1lia, 200.<br \/><strong>Funcionamento:\u00a0<\/strong>Ter\u00e7a a s\u00e1bado das 10h \u00e0s 17h<br \/>* N\u00e3o h\u00e1 funcionamento em feriados, emendas de feriados, dias de jogos ou em dias de eventos de outras empresas.<\/p>\n<p><strong>Clique<\/strong> para seguir IgorMiranda.com.br no: <a href=\"https:\/\/instagram.com\/igormirandasite\" target=\"_blank\" rel=\"noreferrer noopener nofollow\">Instagram<\/a> | <a href=\"https:\/\/bsky.app\/profile\/igormirandasite.bsky.social\" target=\"_blank\" rel=\"noreferrer noopener nofollow\">Bluesky<\/a> | <a href=\"https:\/\/twitter.com\/igormirandasite\" target=\"_blank\" rel=\"noreferrer noopener nofollow\">Twitter<\/a> | <a href=\"https:\/\/tiktok.com\/@igormirandasite\" target=\"_blank\" rel=\"noreferrer noopener nofollow\">TikTok<\/a> | <a href=\"https:\/\/facebook.com\/igormirandasite\" target=\"_blank\" rel=\"noreferrer noopener nofollow\">Facebook<\/a> | <a href=\"https:\/\/www.youtube.com\/igormirandasite\" target=\"_blank\" rel=\"noreferrer noopener nofollow\">YouTube<\/a> | <a href=\"https:\/\/www.threads.net\/@igormirandasite\" target=\"_blank\" rel=\"noreferrer noopener nofollow\">Threads<\/a>.<\/p>\n<p><script async src=\"https:\/\/platform.twitter.com\/widgets.js\" charset=\"utf-8\"><\/script><script async src=\"\/\/www.instagram.com\/embed.js\"><\/script><script async src=\"\/\/www.tiktok.com\/embed.js\"><\/script><\/p>\n","protected":false},"excerpt":{"rendered":"O Korn vir\u00e1 ao Brasil pela s\u00e9tima vez em sua carreira. E, desta vez, acompanhado de Spiritbox e&hellip;\n","protected":false},"author":2,"featured_media":109321,"comment_status":"","ping_status":"","sticky":false,"template":"","format":"standard","meta":{"footnotes":""},"categories":[141],"tags":[114,115,25993,149,150,32,33,25994,9215,25995],"class_list":{"0":"post-109320","1":"post","2":"type-post","3":"status-publish","4":"format-standard","5":"has-post-thumbnail","7":"category-musica","8":"tag-entertainment","9":"tag-entretenimento","10":"tag-korn","11":"tag-music","12":"tag-musica","13":"tag-portugal","14":"tag-pt","15":"tag-seven-hours-after-violet","16":"tag-shows-no-brasil","17":"tag-spiritbox"},"share_on_mastodon":{"url":"","error":""},"_links":{"self":[{"href":"https:\/\/www.europesays.com\/pt\/wp-json\/wp\/v2\/posts\/109320","targetHints":{"allow":["GET"]}}],"collection":[{"href":"https:\/\/www.europesays.com\/pt\/wp-json\/wp\/v2\/posts"}],"about":[{"href":"https:\/\/www.europesays.com\/pt\/wp-json\/wp\/v2\/types\/post"}],"author":[{"embeddable":true,"href":"https:\/\/www.europesays.com\/pt\/wp-json\/wp\/v2\/users\/2"}],"replies":[{"embeddable":true,"href":"https:\/\/www.europesays.com\/pt\/wp-json\/wp\/v2\/comments?post=109320"}],"version-history":[{"count":0,"href":"https:\/\/www.europesays.com\/pt\/wp-json\/wp\/v2\/posts\/109320\/revisions"}],"wp:featuredmedia":[{"embeddable":true,"href":"https:\/\/www.europesays.com\/pt\/wp-json\/wp\/v2\/media\/109321"}],"wp:attachment":[{"href":"https:\/\/www.europesays.com\/pt\/wp-json\/wp\/v2\/media?parent=109320"}],"wp:term":[{"taxonomy":"category","embeddable":true,"href":"https:\/\/www.europesays.com\/pt\/wp-json\/wp\/v2\/categories?post=109320"},{"taxonomy":"post_tag","embeddable":true,"href":"https:\/\/www.europesays.com\/pt\/wp-json\/wp\/v2\/tags?post=109320"}],"curies":[{"name":"wp","href":"https:\/\/api.w.org\/{rel}","templated":true}]}}