{"id":109333,"date":"2025-10-13T17:44:10","date_gmt":"2025-10-13T17:44:10","guid":{"rendered":"https:\/\/www.europesays.com\/pt\/109333\/"},"modified":"2025-10-13T17:44:10","modified_gmt":"2025-10-13T17:44:10","slug":"4o-cbp-on-line-traz-lancamento-de-livros-sobre-suporte-nutricional-e-saude-escolar","status":"publish","type":"post","link":"https:\/\/www.europesays.com\/pt\/109333\/","title":{"rendered":"4\u00ba CBP On-line traz lan\u00e7amento de livros sobre suporte nutricional e sa\u00fade escolar"},"content":{"rendered":"<p class=\"text-justify\">Com o objetivo de dar continuidade \u00e0 qualifica\u00e7\u00e3o dos pediatras, com obras baseadas em evid\u00eancias cient\u00edficas e voltadas a temas fundamentais para o aprimoramento do atendimento a crian\u00e7as e adolescentes, a Sociedade Brasileira de Pediatria (SBP) lan\u00e7ou mais dois volumes da\u00a0S\u00e9rie SBP. Em parceria com a Editora Manole, a entidade divulgou, durante a 4\u00aa edi\u00e7\u00e3o do Congresso Brasileiro de Pediatria On-line, os livros\u00a0\u201cManual Pr\u00e1tico de Terapia Nutricional em Pediatria\u201d\u00a0e\u00a0\u201cSa\u00fade Escolar\u201d.<\/p>\n<p class=\"text-justify\">\u201cEssa cole\u00e7\u00e3o tem sido um guia pr\u00e1tico e direto para os pediatras em assuntos corriqueiros na pr\u00e1tica cl\u00ednica, ambulatorial e hospitalar. Com esses dois novos volumes, queremos que o pediatra amplie ainda mais sua biblioteca cient\u00edfica com t\u00edtulos atuais e baseados em evid\u00eancias cient\u00edficas robustas\u201d, destaca o presidente da SBP,\u00a0dr. Edson Liberal. Al\u00e9m dele, tamb\u00e9m integram o corpo de editores da S\u00e9rie SBP\u00a0os\u00a0drs. Dirceu Sol\u00e9, Cl\u00f3vis Francisco Constantino e Luciana Rodrigues Silva.<\/p>\n<p class=\"text-justify\"><b data-ogsc=\"\">TERAPIA NUTRICIONAL<\/b>\u00a0\u2013 O primeiro lan\u00e7amento foi o\u00a0\u201cManual Pr\u00e1tico de Terapia Nutricional em Pediatria \u2013 1\u00aa Edi\u00e7\u00e3o\u201d. A obra foi coordenada por especialistas do Departamento Cient\u00edfico (DC) de Suporte Nutricional da SBP,\u00a0drs. Rubens Feferbaum, Izaura Merola Faria e Ana Paula Arag\u00e3o. O livro \u00e9 composto por seis se\u00e7\u00f5es principais:\u00a0\u201cBases do Suporte Nutricional em Pediatria\u201d,\u00a0\u201cNutri\u00e7\u00e3o Enteral\u201d,\u00a0\u201cNutri\u00e7\u00e3o Parenteral\u201d,\u00a0\u201cTerapia Nutricional em Situa\u00e7\u00f5es Cl\u00ednicas Espec\u00edficas\u201d\u00a0e\u00a0\u201cGerenciamento Hospitalar e Domiciliar da Terapia Nutricional\u201d.<\/p>\n<p class=\"text-justify\">\u201cO objetivo deste manual \u00e9 oferecer uma ferramenta de atualiza\u00e7\u00e3o cient\u00edfica para o pediatra e demais profissionais de sa\u00fade que atuam com suporte nutricional pedi\u00e1trico. Queremos que sirva como refer\u00eancia pr\u00e1tica cotidiana e na elabora\u00e7\u00e3o de protocolos de terapia nutricional em ambiente hospitalar. Ao todo, tratamos de 28 temas fundamentais nessa \u00e1rea\u201d, explica o presidente do DC de Suporte Nutricional da SBP,\u00a0dr. Rubens Feferbaum.<\/p>\n<p class=\"text-justify\"><b data-ogsc=\"\">SA\u00daDE ESCOLAR<\/b>\u00a0\u2013 O segundo lan\u00e7amento foi o livro\u00a0\u201cSa\u00fade Escolar\u201d, coordenado pelos especialistas do DC de Sa\u00fade Escolar da SBP,\u00a0drs. Abelardo Bastos Pinto J\u00fanior, Joel Concei\u00e7\u00e3o Bressa da Cunha e Paulo C\u00e9sar de Almeida Mattos. A publica\u00e7\u00e3o est\u00e1 organizada em seis se\u00e7\u00f5es:\u00a0\u201cFundamentos\u201d,\u00a0\u201cEduca\u00e7\u00e3o em Sa\u00fade\u201d,\u00a0\u201cAmbiente Escolar Saud\u00e1vel\u201d,\u00a0\u201cAssist\u00eancia \u00e0 Sa\u00fade do Escolar\u201d,\u00a0\u201cDificuldades Escolares\u201d\u00a0e\u00a0\u201cDemandas Especiais em Sa\u00fade Escolar\u201d.<\/p>\n<p class=\"text-justify\">\u201cEssa publica\u00e7\u00e3o \u00e9 muito especial para n\u00f3s, pois marca as comemora\u00e7\u00f5es dos 40 anos do nosso Departamento Cient\u00edfico. Ao longo da obra, buscamos abordar diferentes aspectos da vida das crian\u00e7as em idade escolar, desde a promo\u00e7\u00e3o da sa\u00fade nas escolas at\u00e9 os desafios impostos por pandemias e desastres ambientais. Esperamos que o pediatra esteja preparado para lidar com todos esses temas\u201d, afirma o presidente do DC de Sa\u00fade Escolar da SBP,\u00a0dr. Abelardo Bastos Pinto J\u00fanior.<\/p>\n","protected":false},"excerpt":{"rendered":"Com o objetivo de dar continuidade \u00e0 qualifica\u00e7\u00e3o dos pediatras, com obras baseadas em evid\u00eancias cient\u00edficas e voltadas&hellip;\n","protected":false},"author":2,"featured_media":109334,"comment_status":"","ping_status":"","sticky":false,"template":"","format":"standard","meta":{"footnotes":""},"categories":[143],"tags":[169,114,115,170,32,33],"class_list":{"0":"post-109333","1":"post","2":"type-post","3":"status-publish","4":"format-standard","5":"has-post-thumbnail","7":"category-livros","8":"tag-books","9":"tag-entertainment","10":"tag-entretenimento","11":"tag-livros","12":"tag-portugal","13":"tag-pt"},"share_on_mastodon":{"url":"","error":""},"_links":{"self":[{"href":"https:\/\/www.europesays.com\/pt\/wp-json\/wp\/v2\/posts\/109333","targetHints":{"allow":["GET"]}}],"collection":[{"href":"https:\/\/www.europesays.com\/pt\/wp-json\/wp\/v2\/posts"}],"about":[{"href":"https:\/\/www.europesays.com\/pt\/wp-json\/wp\/v2\/types\/post"}],"author":[{"embeddable":true,"href":"https:\/\/www.europesays.com\/pt\/wp-json\/wp\/v2\/users\/2"}],"replies":[{"embeddable":true,"href":"https:\/\/www.europesays.com\/pt\/wp-json\/wp\/v2\/comments?post=109333"}],"version-history":[{"count":0,"href":"https:\/\/www.europesays.com\/pt\/wp-json\/wp\/v2\/posts\/109333\/revisions"}],"wp:featuredmedia":[{"embeddable":true,"href":"https:\/\/www.europesays.com\/pt\/wp-json\/wp\/v2\/media\/109334"}],"wp:attachment":[{"href":"https:\/\/www.europesays.com\/pt\/wp-json\/wp\/v2\/media?parent=109333"}],"wp:term":[{"taxonomy":"category","embeddable":true,"href":"https:\/\/www.europesays.com\/pt\/wp-json\/wp\/v2\/categories?post=109333"},{"taxonomy":"post_tag","embeddable":true,"href":"https:\/\/www.europesays.com\/pt\/wp-json\/wp\/v2\/tags?post=109333"}],"curies":[{"name":"wp","href":"https:\/\/api.w.org\/{rel}","templated":true}]}}