{"id":109349,"date":"2025-10-13T17:56:08","date_gmt":"2025-10-13T17:56:08","guid":{"rendered":"https:\/\/www.europesays.com\/pt\/109349\/"},"modified":"2025-10-13T17:56:08","modified_gmt":"2025-10-13T17:56:08","slug":"me-pego-chorando-tenho-medo","status":"publish","type":"post","link":"https:\/\/www.europesays.com\/pt\/109349\/","title":{"rendered":"&#8216;Me pego chorando, tenho medo&#8217;"},"content":{"rendered":"\n<p class=\" content-text__container \" data-track-category=\"Link no Texto\" data-track-links=\"\"> Sobre o atual momento, ela reflete: &#8220;Preparada, a gente nunca est\u00e1. Cada pessoa reage de formas diferentes ao tratamento. Estou com muita f\u00e9 em Deus, mas preparada \u00e9 uma palavra muito dif\u00edcil, porque acho que ningu\u00e9m est\u00e1, nem eu, ningu\u00e9m&#8221;, admite. &#8220;Eu tenho f\u00e9 e acredito que eu vou sair dessa, mas tenho discernimento que vai ser dif\u00edcil, que vai ser doloroso, que n\u00e3o vai ser f\u00e1cil&#8221;, completa Val. <\/p>\n","protected":false},"excerpt":{"rendered":"Sobre o atual momento, ela reflete: &#8220;Preparada, a gente nunca est\u00e1. Cada pessoa reage de formas diferentes ao&hellip;\n","protected":false},"author":2,"featured_media":109350,"comment_status":"","ping_status":"","sticky":false,"template":"","format":"standard","meta":{"footnotes":""},"categories":[145],"tags":[211,210,114,115,32,33,14403],"class_list":{"0":"post-109349","1":"post","2":"type-post","3":"status-publish","4":"format-standard","5":"has-post-thumbnail","7":"category-celebridades","8":"tag-celebridades","9":"tag-celebrities","10":"tag-entertainment","11":"tag-entretenimento","12":"tag-portugal","13":"tag-pt","14":"tag-val-marchiori"},"share_on_mastodon":{"url":"","error":""},"_links":{"self":[{"href":"https:\/\/www.europesays.com\/pt\/wp-json\/wp\/v2\/posts\/109349","targetHints":{"allow":["GET"]}}],"collection":[{"href":"https:\/\/www.europesays.com\/pt\/wp-json\/wp\/v2\/posts"}],"about":[{"href":"https:\/\/www.europesays.com\/pt\/wp-json\/wp\/v2\/types\/post"}],"author":[{"embeddable":true,"href":"https:\/\/www.europesays.com\/pt\/wp-json\/wp\/v2\/users\/2"}],"replies":[{"embeddable":true,"href":"https:\/\/www.europesays.com\/pt\/wp-json\/wp\/v2\/comments?post=109349"}],"version-history":[{"count":0,"href":"https:\/\/www.europesays.com\/pt\/wp-json\/wp\/v2\/posts\/109349\/revisions"}],"wp:featuredmedia":[{"embeddable":true,"href":"https:\/\/www.europesays.com\/pt\/wp-json\/wp\/v2\/media\/109350"}],"wp:attachment":[{"href":"https:\/\/www.europesays.com\/pt\/wp-json\/wp\/v2\/media?parent=109349"}],"wp:term":[{"taxonomy":"category","embeddable":true,"href":"https:\/\/www.europesays.com\/pt\/wp-json\/wp\/v2\/categories?post=109349"},{"taxonomy":"post_tag","embeddable":true,"href":"https:\/\/www.europesays.com\/pt\/wp-json\/wp\/v2\/tags?post=109349"}],"curies":[{"name":"wp","href":"https:\/\/api.w.org\/{rel}","templated":true}]}}