{"id":109351,"date":"2025-10-13T17:58:06","date_gmt":"2025-10-13T17:58:06","guid":{"rendered":"https:\/\/www.europesays.com\/pt\/109351\/"},"modified":"2025-10-13T17:58:06","modified_gmt":"2025-10-13T17:58:06","slug":"fctuc-lanca-livro-sobre-222-especies-de-polinizadores-observador","status":"publish","type":"post","link":"https:\/\/www.europesays.com\/pt\/109351\/","title":{"rendered":"FCTUC lan\u00e7a livro sobre 222 esp\u00e9cies de polinizadores \u2013 Observador"},"content":{"rendered":"<p>A Faculdade de Ci\u00eancias e Tecnologia da Universidade de Coimbra (FCTUC) vai apresentar, no s\u00e1bado, o livro Guia de Polinizadores de Portugal, uma obra com informa\u00e7\u00e3o cient\u00edfica acess\u00edvel sobre 222 esp\u00e9cies nacionais de polinizadores.<\/p>\n<p>A publica\u00e7\u00e3o \u00e9 um dos resultados do <a href=\"https:\/\/www.pollinet.pt\/poliniza%C3%A7%C3%A3o\" rel=\"nofollow noopener\" target=\"_blank\">projeto PolinizA\u00c7\u00c3O<\/a>, financiado pelo Fundo Ambiental do Minist\u00e9rio do Ambiente e Energia, e surge para \u201cinspirar, sensibilizar e envolver todos os cidad\u00e3os na conserva\u00e7\u00e3o dos polinizadores \u2014 organismos essenciais \u00e0 vida\u201d, afirmou a FCTUC, num comunicado enviado esta segunda-feira \u00e0 ag\u00eancia Lusa.<\/p>\n<p>O livro, al\u00e9m da informa\u00e7\u00e3o sobre mais de duas centenas de esp\u00e9cies polinizadoras de Portugal, inclui fotografias, na maioria dos casos a mostrar a intera\u00e7\u00e3o destes organismos com as flores onde se alimentam. Destaque ainda para os esquemas que ajudam a reconhecer os grupos de polinizadores e a identificar detalhes morfol\u00f3gicos \u00fateis.<\/p>\n<p>Segundo o cocoordenador do projeto PolinizA\u00c7\u00c3O e da edi\u00e7\u00e3o da obra, Jo\u00e3o Loureiro, o guia \u201cnasce de uma enorme vontade coletiva do Grupo de Trabalho de Dissemina\u00e7\u00e3o, Divulga\u00e7\u00e3o e Educa\u00e7\u00e3o Ambiental do projeto PolinizA\u00c7\u00c3O de aproximar a ci\u00eancia da sociedade e criar uma ferramenta que permita a cientistas e n\u00e3o-cientistas aprender um pouco mais sobre estes animais\u201d.<\/p>\n<p>\u201cOs polinizadores est\u00e3o no centro da nossa vida quotidiana, mesmo quando n\u00e3o damos por isso\u201d, acrescentou o tamb\u00e9m investigador no Centro de Ecologia Funcional (CFE) do Departamento de Ci\u00eancias da Vida (DCV).<\/p>\n<p>De acordo com o especialista,<strong> o objetivo \u00e9 que a obra inspire a descoberta e a conserva\u00e7\u00e3o destes organismos,<\/strong> \u201cfundamentais para a biodiversidade, para a nossa alimenta\u00e7\u00e3o e para a nossa pr\u00f3pria sobreviv\u00eancia\u201d.<\/p>\n<p>A respons\u00e1vel pela coordena\u00e7\u00e3o editorial do livro e membro do CFE\/DCV, Carolina Caetano, considerou que \u201ca grande maioria dos polinizadores em Portugal s\u00e3o insetos, que continuam a enfrentar preconceitos e muitas vezes s\u00e3o encarados com receio\u201d. \u201c\u00c9 preciso olh\u00e1-los com outros olhos para deixar o medo de lado e proteg\u00ea-los\u201d frisou.<\/p>\n<p>Na obra, como informou a respons\u00e1vel, <strong>os leitores podem aprender sobre o fen\u00f3meno da poliniza\u00e7\u00e3o<\/strong> e descobrir formas de ajudar, como, por exemplo, atrav\u00e9s da ci\u00eancia cidad\u00e3.<\/p>\n<p>O Guia de Polinizadores de Portugal contou com a colabora\u00e7\u00e3o de mais de 25 investigadores e especialistas nacionais em entomologia e bot\u00e2nica.<\/p>\n<p>O evento de lan\u00e7amento vai decorrer no Jardim Bot\u00e2nico da Universidade de Coimbra, no s\u00e1bado, \u00e0s 11h00, aberto a toda a comunidade, e contar\u00e1 com a presen\u00e7a de alguns dos autores.<\/p>\n","protected":false},"excerpt":{"rendered":"A Faculdade de Ci\u00eancias e Tecnologia da Universidade de Coimbra (FCTUC) vai apresentar, no s\u00e1bado, o livro Guia&hellip;\n","protected":false},"author":2,"featured_media":109352,"comment_status":"","ping_status":"","sticky":false,"template":"","format":"standard","meta":{"footnotes":""},"categories":[143],"tags":[964,1353,169,442,1911,114,115,170,1009,57,32,33,58,8133],"class_list":{"0":"post-109351","1":"post","2":"type-post","3":"status-publish","4":"format-standard","5":"has-post-thumbnail","7":"category-livros","8":"tag-ambiente","9":"tag-animais","10":"tag-books","11":"tag-ciu00eancia","12":"tag-coimbra","13":"tag-entertainment","14":"tag-entretenimento","15":"tag-livros","16":"tag-natureza","17":"tag-pau00eds","18":"tag-portugal","19":"tag-pt","20":"tag-sociedade","21":"tag-universidade-de-coimbra"},"share_on_mastodon":{"url":"","error":""},"_links":{"self":[{"href":"https:\/\/www.europesays.com\/pt\/wp-json\/wp\/v2\/posts\/109351","targetHints":{"allow":["GET"]}}],"collection":[{"href":"https:\/\/www.europesays.com\/pt\/wp-json\/wp\/v2\/posts"}],"about":[{"href":"https:\/\/www.europesays.com\/pt\/wp-json\/wp\/v2\/types\/post"}],"author":[{"embeddable":true,"href":"https:\/\/www.europesays.com\/pt\/wp-json\/wp\/v2\/users\/2"}],"replies":[{"embeddable":true,"href":"https:\/\/www.europesays.com\/pt\/wp-json\/wp\/v2\/comments?post=109351"}],"version-history":[{"count":0,"href":"https:\/\/www.europesays.com\/pt\/wp-json\/wp\/v2\/posts\/109351\/revisions"}],"wp:featuredmedia":[{"embeddable":true,"href":"https:\/\/www.europesays.com\/pt\/wp-json\/wp\/v2\/media\/109352"}],"wp:attachment":[{"href":"https:\/\/www.europesays.com\/pt\/wp-json\/wp\/v2\/media?parent=109351"}],"wp:term":[{"taxonomy":"category","embeddable":true,"href":"https:\/\/www.europesays.com\/pt\/wp-json\/wp\/v2\/categories?post=109351"},{"taxonomy":"post_tag","embeddable":true,"href":"https:\/\/www.europesays.com\/pt\/wp-json\/wp\/v2\/tags?post=109351"}],"curies":[{"name":"wp","href":"https:\/\/api.w.org\/{rel}","templated":true}]}}