{"id":109365,"date":"2025-10-13T18:08:27","date_gmt":"2025-10-13T18:08:27","guid":{"rendered":"https:\/\/www.europesays.com\/pt\/109365\/"},"modified":"2025-10-13T18:08:27","modified_gmt":"2025-10-13T18:08:27","slug":"vitoria-de-duarte-soube-a-muito-derrota-de-pizarro-tambem-observador","status":"publish","type":"post","link":"https:\/\/www.europesays.com\/pt\/109365\/","title":{"rendered":"Vit\u00f3ria de Duarte soube a muito, derrota de Pizarro tamb\u00e9m \u2013 Observador"},"content":{"rendered":"<p>O desafio de Duarte poder\u00e1 agora passar por governar uma autarquia dividida, em que poder\u00e1 tentar aprovar propostas ora com o PS de Pizarro, ora com o Chega de Corte-Real \u2014 o homem que tinha come\u00e7ado por tentar integrar nas suas listas, o vice independente Filipe Ara\u00fajo, falhou a elei\u00e7\u00e3o como vereador. Os pr\u00f3ximos tempos dir\u00e3o se se queixar\u00e1, como tem acontecido Carlos Moedas, de \u201cbloqueios\u201d da oposi\u00e7\u00e3o \u00e0 sua a\u00e7\u00e3o na c\u00e2mara ou se, puxando da sua fama de homem dos \u201cconsensos\u201d, conseguir\u00e1 gerir a governa\u00e7\u00e3o e aprovar propostas com facilidade.<\/p>\n<p>Quanto a Ara\u00fajo, apostou numa candidatura independente, sem querer absorvido pelos partidos da direita \u2014 e reclamando, sem sucesso, que eles se deveriam juntar para apoiar uma candidatura sua \u2014 e correu em registo formiguinha as ruas do Porto, mas n\u00e3o chegou ao resultado desejado: n\u00e3o sendo eleito vereador (teve 5,08% dos votos), n\u00e3o poder\u00e1 tentar prosseguir os projetos que tinha lan\u00e7ado quando era o n\u00famero dois de Rui Moreira. N\u00e3o chegou a ter o apoio do at\u00e9 agora presidente de c\u00e2mara, que negou publicamente que o apoiasse \u201cintimamente\u201d, express\u00e3o que Ara\u00fajo costumava utilizar; mas, quanto \u00e0s interven\u00e7\u00f5es p\u00fablicas de Moreira, houve-as tamb\u00e9m cr\u00edticas do projeto que Pedro Duarte propunha para a cidade, pelo que nenhum dos dois se p\u00f4de proclamar herdeiro desse legado.<\/p>\n<p>As primeiras proje\u00e7\u00f5es deram cabo da aura vencedora que guiavam a equipa de Manuel Pizarro nos \u00faltimos dias de campanha. No minuto em que os primeiros n\u00fameros foram projetados nas tr\u00eas televis\u00f5es presentes numa das salas do quartel-general, os apoiantes e elementos da candidatura ficaram praticamente sem rea\u00e7\u00e3o. Uma ou outra interjei\u00e7\u00e3o e um sil\u00eancio profundo. Durante a noite, de quando em vez, o resultado mais pomposo de uma ou outra freguesia ia renovando a esperan\u00e7a. Barbosa Ribeiro ainda chegou a acalmar os \u00e2nimos, dizendo que o cen\u00e1rio ainda estava \u201ctotalmente em aberto\u201d. Mas o passar das horas tornaria o desfecho inevit\u00e1vel.<\/p>\n<p>Pela terceira vez, Pizarro candidatou-se \u00e0 C\u00e2mara Municipal do Porto. Pela terceira vez, saiu derrotado. Assumiu \u201cinteiramente\u201d essa derrota e recusou que a mesma seja atribu\u00edvel ao atual l\u00edder do PS ou ao anterior, Pedro Nuno Santos, o respons\u00e1vel pela aposta no nome que j\u00e1 tinha falhado por duas vezes. \u201cO PS n\u00e3o pode ser responsabilizado por esta derrota.\u201d<\/p>\n<p>Por muito que o candidato fosse o mesmo, desta vez, era tudo diferente: o fim de ciclo de Rui Moreira abria espa\u00e7o para a mudan\u00e7a e o facto de ter na equipa \u201cgrande parte do moreirismo\u201d permitia uma esperan\u00e7a extra. Pizarro chegou mesmo a assumir que sentia uma energia diferente nas ruas, o que, para algu\u00e9m que tinha duas derrotas \u00e0s costas, n\u00e3o era de desvalorizar. As sondagens com empates t\u00e9cnicos \u2014 e que retiravam a vantagem com que partiu para esta corrida eleitoral \u2014 n\u00e3o assustaram a comitiva que seguia, a\u00e7\u00e3o ap\u00f3s a\u00e7\u00e3o, mais convicta de que a vit\u00f3ria estava cada vez mais pr\u00f3xima.<\/p>\n<p>Ali\u00e1s, os rostos de choque e desilus\u00e3o refletiam o impacto de quem n\u00e3o estava mesmo \u00e0 espera de perder. Na rua, enquanto se aguardava a chegada de Pizarro, sentia-se a revolta. E quando finalmente o candidato do socialista chegou ao quartel-general, ouviram-se os gritos e aplausos de quem n\u00e3o quer deixar cair um cabe\u00e7a de lista.<\/p>\n","protected":false},"excerpt":{"rendered":"O desafio de Duarte poder\u00e1 agora passar por governar uma autarquia dividida, em que poder\u00e1 tentar aprovar propostas&hellip;\n","protected":false},"author":2,"featured_media":109366,"comment_status":"","ping_status":"","sticky":false,"template":"","format":"standard","meta":{"footnotes":""},"categories":[10],"tags":[15186,2163,27,28,1077,15,16,14,25,26,21,22,12,13,19,20,57,302,32,23,24,33,58,17,18,29,30,31],"class_list":{"0":"post-109365","1":"post","2":"type-post","3":"status-publish","4":"format-standard","5":"has-post-thumbnail","7":"category-portugal","8":"tag-autarquias","9":"tag-autu00e1rquicas-2025","10":"tag-breaking-news","11":"tag-breakingnews","12":"tag-eleiu00e7u00f5es","13":"tag-featured-news","14":"tag-featurednews","15":"tag-headlines","16":"tag-latest-news","17":"tag-latestnews","18":"tag-main-news","19":"tag-mainnews","20":"tag-news","21":"tag-noticias","22":"tag-noticias-principais","23":"tag-noticiasprincipais","24":"tag-pau00eds","25":"tag-polu00edtica","26":"tag-portugal","27":"tag-principais-noticias","28":"tag-principaisnoticias","29":"tag-pt","30":"tag-sociedade","31":"tag-top-stories","32":"tag-topstories","33":"tag-ultimas","34":"tag-ultimas-noticias","35":"tag-ultimasnoticias"},"share_on_mastodon":{"url":"","error":""},"_links":{"self":[{"href":"https:\/\/www.europesays.com\/pt\/wp-json\/wp\/v2\/posts\/109365","targetHints":{"allow":["GET"]}}],"collection":[{"href":"https:\/\/www.europesays.com\/pt\/wp-json\/wp\/v2\/posts"}],"about":[{"href":"https:\/\/www.europesays.com\/pt\/wp-json\/wp\/v2\/types\/post"}],"author":[{"embeddable":true,"href":"https:\/\/www.europesays.com\/pt\/wp-json\/wp\/v2\/users\/2"}],"replies":[{"embeddable":true,"href":"https:\/\/www.europesays.com\/pt\/wp-json\/wp\/v2\/comments?post=109365"}],"version-history":[{"count":0,"href":"https:\/\/www.europesays.com\/pt\/wp-json\/wp\/v2\/posts\/109365\/revisions"}],"wp:featuredmedia":[{"embeddable":true,"href":"https:\/\/www.europesays.com\/pt\/wp-json\/wp\/v2\/media\/109366"}],"wp:attachment":[{"href":"https:\/\/www.europesays.com\/pt\/wp-json\/wp\/v2\/media?parent=109365"}],"wp:term":[{"taxonomy":"category","embeddable":true,"href":"https:\/\/www.europesays.com\/pt\/wp-json\/wp\/v2\/categories?post=109365"},{"taxonomy":"post_tag","embeddable":true,"href":"https:\/\/www.europesays.com\/pt\/wp-json\/wp\/v2\/tags?post=109365"}],"curies":[{"name":"wp","href":"https:\/\/api.w.org\/{rel}","templated":true}]}}