{"id":109371,"date":"2025-10-13T18:11:09","date_gmt":"2025-10-13T18:11:09","guid":{"rendered":"https:\/\/www.europesays.com\/pt\/109371\/"},"modified":"2025-10-13T18:11:09","modified_gmt":"2025-10-13T18:11:09","slug":"conheca-os-cinco-predios-mais-altos-de-curitiba-e-seus-segredos-de-engenharia","status":"publish","type":"post","link":"https:\/\/www.europesays.com\/pt\/109371\/","title":{"rendered":"Conhe\u00e7a os cinco pr\u00e9dios mais altos de Curitiba e seus segredos de engenharia"},"content":{"rendered":"<p>                    <img loading=\"lazy\" width=\"870\" height=\"580\" src=\"https:\/\/www.europesays.com\/pt\/wp-content\/uploads\/2025\/10\/curitiba001_1.jpg\" class=\"attachment-870xauto size-870xauto wp-post-image\" alt=\"Curitiba Foto Gilson Abreu\" decoding=\"async\"  \/>                        Curitiba abriga uma diversidade de arranha-c\u00e9us<br \/>\n(Foto: Gilson Abreu\/AEN)<\/p>\n<p>Curitiba, conhecida por seu planejamento urbano, vive uma fase de verticaliza\u00e7\u00e3o intensa, marcada pela presen\u00e7a de arranha-c\u00e9us que desenham um novo perfil. De empreendimentos residenciais de luxo a complexos corporativos multifuncionais, os pr\u00e9dios mais altos da cidade refletem os avan\u00e7os da engenharia e da arquitetura brasileira.<\/p>\n<p>Construir em altura exige muito mais do que est\u00e9tica. As funda\u00e7\u00f5es dos arranha-c\u00e9us curitibanos chegam a ultrapassar 30 metros de profundidade, escavadas para garantir estabilidade e seguran\u00e7a mesmo em terrenos desafiadores. <\/p>\n<p>Al\u00e9m disso, o c\u00e1lculo do vento \u00e9 uma das etapas mais delicadas do projeto. Quanto mais alto o edif\u00edcio, maior a exposi\u00e7\u00e3o \u00e0s correntes de ar, o que obriga os engenheiros a projetar estruturas capazes de absorver e dissipar as for\u00e7as do vento sem que o movimento seja percept\u00edvel para quem est\u00e1 l\u00e1 dentro.<\/p>\n<p>Entre os protagonistas dessa nova era est\u00e3o cinco edif\u00edcios. Conhe\u00e7a cada um deles. <\/p>\n<p>O\u00c1S<img loading=\"lazy\" decoding=\"async\" width=\"734\" height=\"1024\" src=\"https:\/\/www.europesays.com\/pt\/wp-content\/uploads\/2025\/10\/OAS-divulgacao-734x1024.jpeg\" alt=\"OAS divulga\u00e7\u00e3o\" class=\"wp-image-2118980\"  \/>O edif\u00edcio O\u00c1S ser\u00e1 o mais alto de Curitiba (Foto: Divulga\u00e7\u00e3o)<\/p>\n<p>Ainda em constru\u00e7\u00e3o, o O\u00c1S ter\u00e1 50 andares e 179 metros de altura, figurando como o pr\u00e9dio mais alto da cidade. O empreendimento, assinado pelo arquiteto Marcos Bertoldi, ter\u00e1 uma \u00e1rea comum no rooftop, oferecendo uma das vistas panor\u00e2micas mais espetaculares da capital. Localizado na esquina das ruas Jer\u00f4nimo Durski e Padre Anchieta, no bairro Champagnat, o edif\u00edcio disp\u00f5e de apartamentos de 3 e 4 quartos. <\/p>\n<p>Universe Life Square <img loading=\"lazy\" decoding=\"async\" width=\"558\" height=\"1024\" src=\"https:\/\/www.europesays.com\/pt\/wp-content\/uploads\/2025\/10\/life-square-arquevi-bem-p-558x1024.jpeg\" alt=\"life square arquevi bem p\" class=\"wp-image-2118981\"  \/>O Universe Life Square (Foto: Arquivo\/Bem Paran\u00e1)<\/p>\n<p>Com 152 metros e 43 andares, o Universe Life Square \u00e9, at\u00e9 o momento, o edif\u00edcio mais alto completamente conclu\u00eddo em Curitiba. Localizado na Rua Comendador Ara\u00fajo, no Centro, o pr\u00e9dio foi inaugurado em 2014 e tem uso misto, abrigando apartamentos e escrit\u00f3rios. <\/p>\n<p>Evolution Corporate <img loading=\"lazy\" decoding=\"async\" width=\"300\" height=\"391\" alt=\"evolution reprodu\u00e7\u00e3o web escritorios\" class=\"wp-image-2118982 lazyload\" src=\"https:\/\/www.europesays.com\/pt\/wp-content\/uploads\/2025\/10\/evolution-reproducao-web-escritorios.webp.webp\"  data- data-eio-rwidth=\"300\" data-eio-rheight=\"391\"\/>Evolution Corporate (Foto:  Web Escrit\u00f3rios\/Reprodu\u00e7\u00e3o)<\/p>\n<p>No Centro de Curitiba tamb\u00e9m est\u00e1 o Evolution Corporate, terceiro mais alto da capital, com 129,65 metros e 27 andares. O projeto re\u00fane 186 apartamentos, um hotel, uma torre corporativa, um centro de conven\u00e7\u00f5es, um espa\u00e7o cultural e at\u00e9 uma pra\u00e7a p\u00fablica. O empreendimento simboliza a integra\u00e7\u00e3o entre neg\u00f3cios, lazer e moradia.<\/p>\n<p>Maison Legend <img loading=\"lazy\" decoding=\"async\" width=\"600\" height=\"337\" alt=\"maison legend franklin\" class=\"wp-image-2118983 lazyload\" src=\"https:\/\/www.europesays.com\/pt\/wp-content\/uploads\/2025\/10\/maison-legend-franklin.jpg\"  data- data-eio-rwidth=\"600\" data-eio-rheight=\"337\"\/>Maison Legend (Foto: Franklin de Freitas) <\/p>\n<p>Inaugurado em 2021, o Maison Legend \u00e9 um \u00edcone da arquitetura residencial curitibana. Com 127,04 metros de altura e 38 andares, o edif\u00edcio conta com um apartamento por andar, com \u00e1reas privativas que variam de 272 a 422 metros quadrados. <\/p>\n<p>A fachada em pele de vidro e o design arrojado refor\u00e7am o padr\u00e3o de luxo, enquanto as varandas gourmet integradas ao living evidenciam a valoriza\u00e7\u00e3o dos espa\u00e7os amplos e iluminados.  <\/p>\n<p>Palazzo Lumini <img loading=\"lazy\" decoding=\"async\" width=\"683\" height=\"1024\" alt=\"palazzo construtora san remmo\" class=\"wp-image-2118984 lazyload\" src=\"https:\/\/www.europesays.com\/pt\/wp-content\/uploads\/2025\/10\/palazzo-construtora-san-remmo-683x1024.jpg\"  data- data-eio-rwidth=\"683\" data-eio-rheight=\"1024\"\/>Palazzo Lumini (Foto: Sam Remo\/Reprodu\u00e7\u00e3o)<\/p>\n<p>Com 125,30 metros e 34 andares, o Palazzo Lumini tamb\u00e9m se destaca no Campo Comprido. Inaugurado em 2015, o edif\u00edcio redefine o conceito de luxo em Curitiba. Suas plantas variam de 874 a 1.498 metros quadrados, e os moradores contam com um conjunto de comodidades raramente encontrado mesmo em empreendimentos de alto padr\u00e3o. <\/p>\n<p>Entre os diferenciais est\u00e3o heliponto, campo de golfe, spa, garagens especiais para colecionadores de carros, restaurante 24 horas, al\u00e9m de piscinas externas e exclusivas em cada apartamento, bar ingl\u00eas, brinquedoteca, pista de corrida, quadra de t\u00eanis e sal\u00e3o de beleza.  <\/p>\n","protected":false},"excerpt":{"rendered":"Curitiba abriga uma diversidade de arranha-c\u00e9us (Foto: Gilson Abreu\/AEN) Curitiba, conhecida por seu planejamento urbano, vive uma fase&hellip;\n","protected":false},"author":2,"featured_media":109372,"comment_status":"","ping_status":"","sticky":false,"template":"","format":"standard","meta":{"footnotes":""},"categories":[144],"tags":[207,205,206,203,201,202,204,114,115,32,33],"class_list":{"0":"post-109371","1":"post","2":"type-post","3":"status-publish","4":"format-standard","5":"has-post-thumbnail","7":"category-arte-e-design","8":"tag-arte","9":"tag-arte-e-design","10":"tag-artedesign","11":"tag-arts","12":"tag-arts-and-design","13":"tag-artsanddesign","14":"tag-design","15":"tag-entertainment","16":"tag-entretenimento","17":"tag-portugal","18":"tag-pt"},"share_on_mastodon":{"url":"","error":""},"_links":{"self":[{"href":"https:\/\/www.europesays.com\/pt\/wp-json\/wp\/v2\/posts\/109371","targetHints":{"allow":["GET"]}}],"collection":[{"href":"https:\/\/www.europesays.com\/pt\/wp-json\/wp\/v2\/posts"}],"about":[{"href":"https:\/\/www.europesays.com\/pt\/wp-json\/wp\/v2\/types\/post"}],"author":[{"embeddable":true,"href":"https:\/\/www.europesays.com\/pt\/wp-json\/wp\/v2\/users\/2"}],"replies":[{"embeddable":true,"href":"https:\/\/www.europesays.com\/pt\/wp-json\/wp\/v2\/comments?post=109371"}],"version-history":[{"count":0,"href":"https:\/\/www.europesays.com\/pt\/wp-json\/wp\/v2\/posts\/109371\/revisions"}],"wp:featuredmedia":[{"embeddable":true,"href":"https:\/\/www.europesays.com\/pt\/wp-json\/wp\/v2\/media\/109372"}],"wp:attachment":[{"href":"https:\/\/www.europesays.com\/pt\/wp-json\/wp\/v2\/media?parent=109371"}],"wp:term":[{"taxonomy":"category","embeddable":true,"href":"https:\/\/www.europesays.com\/pt\/wp-json\/wp\/v2\/categories?post=109371"},{"taxonomy":"post_tag","embeddable":true,"href":"https:\/\/www.europesays.com\/pt\/wp-json\/wp\/v2\/tags?post=109371"}],"curies":[{"name":"wp","href":"https:\/\/api.w.org\/{rel}","templated":true}]}}