{"id":109383,"date":"2025-10-13T18:18:11","date_gmt":"2025-10-13T18:18:11","guid":{"rendered":"https:\/\/www.europesays.com\/pt\/109383\/"},"modified":"2025-10-13T18:18:11","modified_gmt":"2025-10-13T18:18:11","slug":"al-pacino-confessa-arrependimento-por-nao-ter-casado-com-diane-keaton-a-mulher-que-mais-amou","status":"publish","type":"post","link":"https:\/\/www.europesays.com\/pt\/109383\/","title":{"rendered":"Al Pacino confessa arrependimento por n\u00e3o ter casado com Diane Keaton, &#8220;a mulher que mais amou&#8221;"},"content":{"rendered":"<p>Al Pacino, de 85 anos, vive dias de profunda reflex\u00e3o depois da morte de Diane Keaton, no passado s\u00e1bado, aos 79 anos. A ic\u00f3nica atriz de &#8220;Annie Hall&#8221; e &#8220;O Padrinho&#8221; foi, nas palavras do pr\u00f3prio, &#8220;a mulher mais incr\u00edvel&#8221; que conheceu e a \u00fanica que poderia ter sido sua companheira.<\/p>\n<p data-remotead-prev-elm=\"true\" data-remotead-elm-id=\"inread\">O ator norte-americano confessou sentir um arrependimento sem fim por nunca ter pedido Keaton em casamento. Os dois viveram uma rela\u00e7\u00e3o marcada por avan\u00e7os e recuos entre 1971 e 1987, iniciada durante as filmagens de &#8220;O Padrinho&#8221;, onde interpretaram o casal Michael Corleone e Kay Adams.<\/p>\n<p>&#8220;Casa comigo ou nunca mais&#8221;<\/p>\n<p>De acordo com fontes pr\u00f3ximas, Diane chegou a dar-lhe um ultimato: &#8220;Casa comigo ou nunca mais.&#8221; Pacino, ent\u00e3o no auge da carreira, optou por afastar-se. Hoje, admite que essa decis\u00e3o lhe pesa como nunca. &#8220;Diane foi o amor da minha vida&#8221;, confidenciou a amigos.<\/p>\n<p data-remotead-prev-elm=\"true\" data-remotead-elm-id=\"centro1\">Apesar de ambos viverem durante anos em Beverly Hills, a poucos quil\u00f3metros de dist\u00e2ncia, nunca mais voltaram a falar. &#8220;Disse-me que n\u00e3o havia mais nada a dizer&#8221;, contou um amigo pr\u00f3ximo. Keaton, por seu lado, tamb\u00e9m reconheceu em entrevistas antigas que teria aceitado casar-se com Pacino se ele tivesse feito o pedido.<\/p>\n<p>Diane Keaton, vencedora de um \u00d3scar e s\u00edmbolo de eleg\u00e2ncia e independ\u00eancia, morreu em Los Angeles. A causa da morte ainda n\u00e3o foi divulgada, mas sabe-se que viveu os \u00faltimos meses fragilidade. Em jovem, a atriz enfrentou um problema de pele que a levou a adotar o visual caracter\u00edstico marcado por chap\u00e9us, golas altas e luvas.<\/p>\n<p>Um amor que ficou por viver<\/p>\n<p data-remotead-prev-elm=\"true\" data-remotead-elm-id=\"centro2\">Com a not\u00edcia da sua morte, surgem d\u00favidas sobre se Pacino marcar\u00e1 presen\u00e7a nas cerim\u00f3nias f\u00fanebres. O ator, pai de quatro filhos, mant\u00e9m-se reservado, mas os que lhe s\u00e3o pr\u00f3ximos garantem que est\u00e1 profundamente abalado.<\/p>\n<p>Keaton nunca se casou, embora tenha adotado dois jovens depois dos 60 anos.. Pacino, por seu lado, construiu uma vida familiar numerosa, mas sem nunca ter subido ao altar. &#8220;Sempre marchou ao ritmo do seu pr\u00f3prio tambor&#8221;, descreveu um amigo.<\/p>\n","protected":false},"excerpt":{"rendered":"Al Pacino, de 85 anos, vive dias de profunda reflex\u00e3o depois da morte de Diane Keaton, no passado&hellip;\n","protected":false},"author":2,"featured_media":109384,"comment_status":"","ping_status":"","sticky":false,"template":"","format":"standard","meta":{"footnotes":""},"categories":[85],"tags":[4418,2642,25550,114,115,2595,1437,32,33],"class_list":{"0":"post-109383","1":"post","2":"type-post","3":"status-publish","4":"format-standard","5":"has-post-thumbnail","7":"category-entretenimento","8":"tag-al-pacino","9":"tag-amor","10":"tag-diane-keaton","11":"tag-entertainment","12":"tag-entretenimento","13":"tag-hollywood","14":"tag-morte","15":"tag-portugal","16":"tag-pt"},"share_on_mastodon":{"url":"","error":""},"_links":{"self":[{"href":"https:\/\/www.europesays.com\/pt\/wp-json\/wp\/v2\/posts\/109383","targetHints":{"allow":["GET"]}}],"collection":[{"href":"https:\/\/www.europesays.com\/pt\/wp-json\/wp\/v2\/posts"}],"about":[{"href":"https:\/\/www.europesays.com\/pt\/wp-json\/wp\/v2\/types\/post"}],"author":[{"embeddable":true,"href":"https:\/\/www.europesays.com\/pt\/wp-json\/wp\/v2\/users\/2"}],"replies":[{"embeddable":true,"href":"https:\/\/www.europesays.com\/pt\/wp-json\/wp\/v2\/comments?post=109383"}],"version-history":[{"count":0,"href":"https:\/\/www.europesays.com\/pt\/wp-json\/wp\/v2\/posts\/109383\/revisions"}],"wp:featuredmedia":[{"embeddable":true,"href":"https:\/\/www.europesays.com\/pt\/wp-json\/wp\/v2\/media\/109384"}],"wp:attachment":[{"href":"https:\/\/www.europesays.com\/pt\/wp-json\/wp\/v2\/media?parent=109383"}],"wp:term":[{"taxonomy":"category","embeddable":true,"href":"https:\/\/www.europesays.com\/pt\/wp-json\/wp\/v2\/categories?post=109383"},{"taxonomy":"post_tag","embeddable":true,"href":"https:\/\/www.europesays.com\/pt\/wp-json\/wp\/v2\/tags?post=109383"}],"curies":[{"name":"wp","href":"https:\/\/api.w.org\/{rel}","templated":true}]}}