{"id":109391,"date":"2025-10-13T18:26:10","date_gmt":"2025-10-13T18:26:10","guid":{"rendered":"https:\/\/www.europesays.com\/pt\/109391\/"},"modified":"2025-10-13T18:26:10","modified_gmt":"2025-10-13T18:26:10","slug":"livro-infantil-gratuito-revela-conto-que-sobrevoou-blumenau","status":"publish","type":"post","link":"https:\/\/www.europesays.com\/pt\/109391\/","title":{"rendered":"Livro infantil gratuito revela conto que sobrevoou Blumenau"},"content":{"rendered":"<p>  <img class=\"content-first-image size-full wp-image-2683359\" loading=\"eager\" decoding=\"sync\" fetchpriority=\"high\" src=\"https:\/\/www.europesays.com\/pt\/wp-content\/uploads\/2025\/10\/luftschiff-gruppe-livro-infantil-gratuito-conta-a-historia-dos-dirigiveis-em-blumenau-2.jpeg\" alt=\"Livro infantil gratuito conta a hist\u00f3ria dos dirig\u00edveis em BlumenauFoto: Larissa da Silva\/ND.\" width=\"1280\" height=\"960\"  \/>Livro infantil gratuito conta a hist\u00f3ria dos dirig\u00edveis em BlumenauFoto: Larissa da Silva\/ND.<\/p>\n<p>Um peda\u00e7o curioso da hist\u00f3ria de <a href=\"https:\/\/ndmais.com.br\/blumenau\/\" rel=\"nofollow noopener\" target=\"_blank\">Blumenau<\/a> agora ganha asas e ilustra\u00e7\u00f5es. O livro infantil \u201cZ\u00e9 P. Lin e a incr\u00edvel hist\u00f3ria dos dirig\u00edveis\u201d revive o momento em que o famoso Graf Zeppelin, s\u00edmbolo de uma era de descobertas e fasc\u00ednio tecnol\u00f3gico, sobrevoou a cidade em 1934, despertando a emo\u00e7\u00e3o da popula\u00e7\u00e3o.<\/p>\n<p>A obra foi escrita por Fernando Henrique Becker Silva e ilustrada por Amanda Marques, com idealiza\u00e7\u00e3o do Luftschiff Gruppe, grupo criado em 2023 que participa dos desfiles da <a href=\"https:\/\/ndmais.com.br\/cultura\/tudo-o-que-voce-precisa-saber-sobre-a-oktoberfest-blumenau-2025\/\" rel=\"nofollow noopener\" target=\"_blank\">Oktoberfest Blumenau<\/a> e tem como miss\u00e3o preservar a mem\u00f3ria da avia\u00e7\u00e3o leve e dos dirig\u00edveis.<\/p>\n<p><img class=\"wp-image-2683317 size-full\" loading=\"lazy\" decoding=\"async\" src=\"https:\/\/www.europesays.com\/pt\/wp-content\/uploads\/2025\/10\/luftschiff-gruppe-livro-infantil-gratuito-conta-a-historia-dos-dirigiveis-em-blumenau.jpeg\" alt=\"Gigantes no c\u00e9u: livro infantil gratuito revela a hist\u00f3ria que sobrevoou Blumenau\" width=\"1280\" height=\"960\"  \/>Livro infantil gratuito conta a hist\u00f3ria dos dirig\u00edveis em BlumenauFoto: Larissa da Silva\/ND.Funcionalidade e hist\u00f3ria dos dirig\u00edveis<\/p>\n<p>Com uma linguagem leve e ilustra\u00e7\u00f5es coloridas, o livro apresenta Z\u00e9 P. Lin, um simp\u00e1tico senhor apaixonado por aer\u00f3statos, que compartilha suas hist\u00f3rias com uma menina curiosa. Juntos, eles exploram a evolu\u00e7\u00e3o dos bal\u00f5es e dirig\u00edveis \u2014 desde suas inven\u00e7\u00f5es at\u00e9 a chegada dos gigantes de alum\u00ednio que cruzaram os c\u00e9us do mundo.<\/p>\n<p><a class=\"cta-whatsapp d-flex justify-content-between align-items-center w-100\" target=\"_blank\" rel=\"nofollow noopner noopener\" href=\"https:\/\/ndmais.com.br\/grupoblumenau\">   Receba no WhatsApp as principais not\u00edcias de Blumenau e regi\u00e3o  Entre no grupo<\/a><\/p>\n<p>Al\u00e9m de abordar conceitos de f\u00edsica e curiosidades sobre o funcionamento dos dirig\u00edveis, a publica\u00e7\u00e3o dedica um cap\u00edtulo especial ao dia em que o Graf Zeppelin sobrevoou Blumenau.<\/p>\n<p>\u201cNo dia 1\u00ba de julho, o LZ-127 Graf Zeppelin sobrevoou a cidade de Blumenau, vindo por detr\u00e1s do Morro do Aipim, pairando sobre a Rua XV de Novembro, sendo saudado pela popula\u00e7\u00e3o ao som dos sinos das igrejas e apitos das f\u00e1bricas\u201d, descreve um trecho da obra.<\/p>\n<p>Distribui\u00e7\u00e3o gratuita<\/p>\n<p>O livro lan\u00e7ado na primeira semana de outubro est\u00e1 dispon\u00edvel gratuitamente em <a href=\"https:\/\/ab9f0967-f3c4-4f59-943b-01473ff5a07e.usrfiles.com\/ugd\/ab9f09_eea23efda8ce4a17b411f7ab01e8f28b.pdf\" target=\"_blank\" rel=\"noopener nofollow\">vers\u00e3o digital<\/a>. De acordo com os criadores, uma segunda tiragem impressa ser\u00e1 distribu\u00edda nas escolas de Blumenau e regi\u00e3o, permitindo que crian\u00e7as e adolescentes conhe\u00e7am esse cap\u00edtulo fascinante da hist\u00f3ria local.<\/p>\n<p>A iniciativa une hist\u00f3ria, educa\u00e7\u00e3o e imagina\u00e7\u00e3o, convidando novas gera\u00e7\u00f5es a olharem para o c\u00e9u e descobrirem que, um dia, gigantes de metal e g\u00e1s flutuaram sobre a cidade.<\/p>\n<p>Sob supervis\u00e3o de Brenda Bittencourt<\/p>\n","protected":false},"excerpt":{"rendered":"Livro infantil gratuito conta a hist\u00f3ria dos dirig\u00edveis em BlumenauFoto: Larissa da Silva\/ND. Um peda\u00e7o curioso da hist\u00f3ria&hellip;\n","protected":false},"author":2,"featured_media":109392,"comment_status":"","ping_status":"","sticky":false,"template":"","format":"standard","meta":{"footnotes":""},"categories":[143],"tags":[7448,169,24853,114,115,170,1968,2250,32,33],"class_list":{"0":"post-109391","1":"post","2":"type-post","3":"status-publish","4":"format-standard","5":"has-post-thumbnail","7":"category-livros","8":"tag-blumenau","9":"tag-books","10":"tag-educao","11":"tag-entertainment","12":"tag-entretenimento","13":"tag-livros","14":"tag-notcia","15":"tag-notcia-santa-catarina","16":"tag-portugal","17":"tag-pt"},"share_on_mastodon":{"url":"","error":""},"_links":{"self":[{"href":"https:\/\/www.europesays.com\/pt\/wp-json\/wp\/v2\/posts\/109391","targetHints":{"allow":["GET"]}}],"collection":[{"href":"https:\/\/www.europesays.com\/pt\/wp-json\/wp\/v2\/posts"}],"about":[{"href":"https:\/\/www.europesays.com\/pt\/wp-json\/wp\/v2\/types\/post"}],"author":[{"embeddable":true,"href":"https:\/\/www.europesays.com\/pt\/wp-json\/wp\/v2\/users\/2"}],"replies":[{"embeddable":true,"href":"https:\/\/www.europesays.com\/pt\/wp-json\/wp\/v2\/comments?post=109391"}],"version-history":[{"count":0,"href":"https:\/\/www.europesays.com\/pt\/wp-json\/wp\/v2\/posts\/109391\/revisions"}],"wp:featuredmedia":[{"embeddable":true,"href":"https:\/\/www.europesays.com\/pt\/wp-json\/wp\/v2\/media\/109392"}],"wp:attachment":[{"href":"https:\/\/www.europesays.com\/pt\/wp-json\/wp\/v2\/media?parent=109391"}],"wp:term":[{"taxonomy":"category","embeddable":true,"href":"https:\/\/www.europesays.com\/pt\/wp-json\/wp\/v2\/categories?post=109391"},{"taxonomy":"post_tag","embeddable":true,"href":"https:\/\/www.europesays.com\/pt\/wp-json\/wp\/v2\/tags?post=109391"}],"curies":[{"name":"wp","href":"https:\/\/api.w.org\/{rel}","templated":true}]}}