{"id":109413,"date":"2025-10-13T18:44:12","date_gmt":"2025-10-13T18:44:12","guid":{"rendered":"https:\/\/www.europesays.com\/pt\/109413\/"},"modified":"2025-10-13T18:44:12","modified_gmt":"2025-10-13T18:44:12","slug":"filme-de-terror-no-supercine-faz-sessao-ter-melhor-audiencia-em-2-meses","status":"publish","type":"post","link":"https:\/\/www.europesays.com\/pt\/109413\/","title":{"rendered":"Filme de terror no Supercine faz sess\u00e3o ter melhor audi\u00eancia em 2 meses"},"content":{"rendered":"<p>A <a href=\"https:\/\/natelinha.uol.com.br\/televisao\/emissoras\/globo\" rel=\"nofollow noopener\" target=\"_blank\">Globo<\/a> levou ao ar depois do Altas Horas no \u00faltimo s\u00e1bado (11) o filme M3gan (2022), no Supercine. Dados da Kantar Ibope obtidos pelo <strong>NaTelinha<\/strong> atrav\u00e9s de fontes do mercado apontam que o longa-metragem de terror conseguiu bons \u00edndices: 6,5 pontos na Grande SP.<\/p>\n<p>O n\u00famero \u00e9 o maior em dois meses da sess\u00e3o. Na semana anterior, o Supercine j\u00e1 havia apostado na tem\u00e1tica ao exibir Escape Room 2 &#8211; Tens\u00e3o M\u00e1xima (2021). Conseguiu 6 pontos, n\u00famero considerado bom para o hor\u00e1rio.<\/p>\n<p>+\u00a0<a href=\"https:\/\/natelinha.uol.com.br\/televisao\/2025\/10\/13\/sbt-planeja-volta-do-viva-a-noite-programa-que-consagrou-gugu-liberato-232554.php\" rel=\"nofollow noopener\" target=\"_blank\">SBT planeja volta do Viva a Noite, programa que consagrou Gugu Liberato<\/a><\/p>\n<p>continua depois da publicidade<\/p>\n<p>+\u00a0<a href=\"https:\/\/natelinha.uol.com.br\/televisao\/2025\/10\/13\/globo-ignora-tais-araujo-e-evita-encontro-ao-vivo-com-manuela-dias-232552.php\" rel=\"nofollow noopener\" target=\"_blank\">Globo ignora Ta\u00eds Araujo e evita encontro ao vivo com Manuela Dias<\/a><\/p>\n<p>Em 2025, a faixa acumula 5,5 pontos.<\/p>\n<p><strong>Outros destaques de audi\u00eancia do dia:<\/strong><\/p>\n<ul>\n<li>A Globo exibiu o filme Turma da M\u00f5nica &#8211; La\u00e7os (2019) em pleno Coruj\u00e3o, e mesmo j\u00e1 indo ao ar nas primeiras horas do dia de domingo (12), conseguiu pontuar com 3,6 e superou toda a grade do SBT.<\/li>\n<li>A Band enfrentou 13 programas consecutivos na marca do tra\u00e7o (arredondado) at\u00e9 come\u00e7ar o Brasil Urgente. Com uma grade recheada de publicidade, a emissora se mant\u00e9m longe da competi\u00e7\u00e3o por n\u00fameros do Ibope.<\/li>\n<li>O SBT exibiu Norma dos Ventos, spin-off de A Caverna Encantada. Marcou 2,5 pontos, mesmo n\u00famero do Cinema em Casa.<\/li>\n<\/ul>\n<p>Confira as audi\u00eancias de s\u00e1bado (11\/10\/2025):<\/p>\n<tr style=\"height: 77px;\">\n<img decoding=\"async\" loading=\"lazy\" class=\"horizontal\" src=\"https:\/\/www.europesays.com\/pt\/wp-content\/uploads\/2025\/08\/globo.webp.webp\" alt=\"Logo Globo\" width=\"42\" height=\"42\"\/>\u00a0<br \/>\n<\/tr>\n<tr style=\"height: 49px;\">\n<td style=\"height: 49px;\">Globo Rural (reapresenta\u00e7\u00e3o)<\/td>\n<td style=\"height: 49px;\">5,3<\/td>\n<\/tr>\n<tr style=\"height: 49px;\">\n<td style=\"height: 49px;\">Bom Dia S\u00e1bado<\/td>\n<td style=\"height: 49px;\">7,0<\/td>\n<\/tr>\n<tr style=\"height: 49px;\">\n<td style=\"height: 49px;\">Pequenas Empresas &amp; Grandes Neg\u00f3cios<\/td>\n<td style=\"height: 49px;\">8,0<\/td>\n<\/tr>\n<tr style=\"height: 49px;\">\n<td style=\"height: 49px;\">\u00c9 de Casa<\/td>\n<td style=\"height: 49px;\">7,1<\/td>\n<\/tr>\n<tr style=\"height: 49px;\">\n<td style=\"height: 49px;\">SP1<\/td>\n<td style=\"height: 49px;\">8,8<\/td>\n<\/tr>\n<tr style=\"height: 49px;\">\n<td style=\"height: 49px;\">Globo Esporte<\/td>\n<td style=\"height: 49px;\">8,9<\/td>\n<\/tr>\n<tr style=\"height: 49px;\">\n<td style=\"height: 49px;\">Jornal Hoje<\/td>\n<td style=\"height: 49px;\">9,8<\/td>\n<\/tr>\n<tr style=\"height: 49px;\">\n<td style=\"height: 49px;\">Edi\u00e7\u00e3o Especial: Terra Nostra<\/td>\n<td style=\"height: 49px;\">9,7<\/td>\n<\/tr>\n<tr style=\"height: 49px;\">\n<td style=\"height: 49px;\">Paulistar<\/td>\n<td style=\"height: 49px;\">8,6<\/td>\n<\/tr>\n<tr style=\"height: 49px;\">\n<td style=\"height: 49px;\">Tardezinha<\/td>\n<td style=\"height: 49px;\">7,5<\/td>\n<\/tr>\n<tr style=\"height: 49px;\">\n<td style=\"height: 49px;\">Caldeir\u00e3o com Mion<\/td>\n<td style=\"height: 49px;\">10,0<\/td>\n<\/tr>\n<tr style=\"height: 49px;\">\n<td style=\"height: 49px;\">\u00cata Mundo Melhor<\/td>\n<td style=\"height: 49px;\">15,7<\/td>\n<\/tr>\n<tr style=\"height: 49px;\">\n<td style=\"height: 49px;\">SP2<\/td>\n<td style=\"height: 49px;\">17,1<\/td>\n<\/tr>\n<tr style=\"height: 49px;\">\n<td style=\"height: 49px;\">Dona de Mim<\/td>\n<td style=\"height: 49px;\">17,5<\/td>\n<\/tr>\n<tr style=\"height: 49px;\">\n<td style=\"height: 49px;\">Jornal Nacional<\/td>\n<td style=\"height: 49px;\">21,0<\/td>\n<\/tr>\n<tr style=\"height: 49px;\">\n<td style=\"height: 49px;\">Vale Tudo<\/td>\n<td style=\"height: 49px;\">24,6<\/td>\n<\/tr>\n<tr style=\"height: 49px;\">\n<td style=\"height: 49px;\">Altas Horas<\/td>\n<td style=\"height: 49px;\">13,2<\/td>\n<\/tr>\n<tr style=\"height: 49px;\">\n<td style=\"height: 49px;\">Supercine: M3gan<\/td>\n<td style=\"height: 49px;\">6,5<\/td>\n<\/tr>\n<tr style=\"height: 49px;\">\n<td style=\"height: 49px;\">Dona de Mim (reapresenta\u00e7\u00e3o)<\/td>\n<td style=\"height: 49px;\">4,4<\/td>\n<\/tr>\n<tr style=\"height: 49px;\">\n<td style=\"height: 49px;\">Coruj\u00e3o: Sete Anos no Tibet<\/td>\n<td style=\"height: 49px;\">3,5<\/td>\n<\/tr>\n<tr style=\"height: 49px;\">\n<td style=\"height: 49px;\">Coruj\u00e3o:\u00a0Turma da M\u00f4nica &#8211; La\u00e7os<\/td>\n<td style=\"height: 49px;\">3,6<\/td>\n<\/tr>\n<tr>\n<img decoding=\"async\" loading=\"lazy\" class=\"horizontal\" src=\"https:\/\/www.europesays.com\/pt\/wp-content\/uploads\/2025\/08\/record.webp.webp\" alt=\"Logo Record\" width=\"42\" height=\"42\"\/><br \/>\n<\/tr>\n<tr>\n<td>Igreja Universal do Reino de Deus<\/td>\n<td>0,2<\/td>\n<\/tr>\n<tr>\n<td>Brasil Caminhoneiro<\/td>\n<td>0,6<\/td>\n<\/tr>\n<tr>\n<td>Fala Brasil<\/td>\n<td>2,9<\/td>\n<\/tr>\n<tr>\n<td>Escola do Amor<\/td>\n<td>1,5<\/td>\n<\/tr>\n<tr>\n<td>Balan\u00e7o Geral SP I<\/td>\n<td>3,2<\/td>\n<\/tr>\n<tr>\n<td>Balan\u00e7o Geral SP II<\/td>\n<td>3,9<\/td>\n<\/tr>\n<tr>\n<td>Cine Aventura: Ender&#8217;s Game &#8211; O Jogo do Exterminador<\/td>\n<td>3,9<\/td>\n<\/tr>\n<tr>\n<td>Cidade Alerta<\/td>\n<td>4,6<\/td>\n<\/tr>\n<tr>\n<td>Jornal da Record<\/td>\n<td>4,2<\/td>\n<\/tr>\n<tr>\n<td>Cidade Alerta<\/td>\n<td>3,1<\/td>\n<\/tr>\n<tr>\n<td>A Fazenda 17<\/td>\n<td>5,4<\/td>\n<\/tr>\n<tr>\n<td>Super Tela: A Justiceira<\/td>\n<td>3,2<\/td>\n<\/tr>\n<tr>\n<td>Fala que eu te Escuto<\/td>\n<td>0,7<\/td>\n<\/tr>\n<tr>\n<td>Igreja Universal do Reino de Deus<\/td>\n<td>0,7<\/td>\n<\/tr>\n<tr>\n<img decoding=\"async\" loading=\"lazy\" class=\"horizontal\" src=\"https:\/\/www.europesays.com\/pt\/wp-content\/uploads\/2025\/08\/sbt.webp.webp\" alt=\"Logo SBT\" width=\"42\" height=\"42\"\/>\u00a0<br \/>\n<\/tr>\n<tr>\n<td>Luccas Toon<\/td>\n<td>1,0<\/td>\n<\/tr>\n<tr>\n<td>S\u00e1bado Animado<\/td>\n<td>1,5<\/td>\n<\/tr>\n<tr>\n<td>SBT Not\u00edcias &#8211; 1\u00aa Edi\u00e7\u00e3o<\/td>\n<td>2,3<\/td>\n<\/tr>\n<tr>\n<td>Eita Lucas!<\/td>\n<td>2,3<\/td>\n<\/tr>\n<tr>\n<td>Cinema em Casa: Big Pai, Big Filho<\/td>\n<td>2,5<\/td>\n<\/tr>\n<tr>\n<td>Norma dos Ventos<\/td>\n<td>2,5<\/td>\n<\/tr>\n<tr>\n<td>SBT Not\u00edcias &#8211; 2\u00aa Edi\u00e7\u00e3o<\/td>\n<td>2,6<\/td>\n<\/tr>\n<tr>\n<td>SBT Brasil<\/td>\n<td>3,2<\/td>\n<\/tr>\n<tr>\n<td>Bake Off Brasil 11 &#8211; M\u00e3o na Massa<\/td>\n<td>3,1<\/td>\n<\/tr>\n<tr>\n<td>Sabadou com Virginia<\/td>\n<td>3,1<\/td>\n<\/tr>\n<tr>\n<td>Programa do Jo\u00e3o<\/td>\n<td>2,7<\/td>\n<\/tr>\n<tr>\n<td>Not\u00edcias Impressionantes<\/td>\n<td>2,5<\/td>\n<\/tr>\n<tr>\n<td>SBT Not\u00edcias<\/td>\n<td>2,0<\/td>\n<\/tr>\n<tr>\n\u00a0<img decoding=\"async\" loading=\"lazy\" class=\"horizontal\" src=\"https:\/\/www.europesays.com\/pt\/wp-content\/uploads\/2025\/08\/band.webp.webp\" alt=\"Logo Band\" width=\"42\" height=\"42\"\/>\u00a0<br \/>\n<\/tr>\n<tr>\n<td>Vendo na TV<\/td>\n<td>0,2<\/td>\n<\/tr>\n<tr>\n<td>Os Chocolix<\/td>\n<td>0,1<\/td>\n<\/tr>\n<tr>\n<td>O Di\u00e1rio de Mika<\/td>\n<td>0,1<\/td>\n<\/tr>\n<tr>\n<td>Dire\u00e7\u00e3o Sobre Rodas<\/td>\n<td>0,1<\/td>\n<\/tr>\n<tr>\n<td>Brasil que Faz<\/td>\n<td>0,1<\/td>\n<\/tr>\n<tr>\n<td>Voc\u00ea Melhor<\/td>\n<td>0,1<\/td>\n<\/tr>\n<tr>\n<td>Casa Decorada<\/td>\n<td>0,2<\/td>\n<\/tr>\n<tr>\n<td>Driver<\/td>\n<td>0,1<\/td>\n<\/tr>\n<tr>\n<td>Band Esporte Clube Manh\u00e3<\/td>\n<td>0,3<\/td>\n<\/tr>\n<tr>\n<td>Mestre do Drywall<\/td>\n<td>0,3<\/td>\n<\/tr>\n<tr>\n<td>Mundo dos Neg\u00f3cios<\/td>\n<td>0,1<\/td>\n<\/tr>\n<tr>\n<td>Igreja Maranata<\/td>\n<td>0,0<\/td>\n<\/tr>\n<tr>\n<td>Band Esporte Clube<\/td>\n<td>0,5<\/td>\n<\/tr>\n<tr>\n<td>Brasil Urgente\u00a0<\/td>\n<td>1,7<\/td>\n<\/tr>\n<tr>\n<td>Brasil Urgente SP<\/td>\n<td>2,2<\/td>\n<\/tr>\n<tr>\n<td>Jornal da Band<\/td>\n<td>2,1<\/td>\n<\/tr>\n<tr>\n<td>Sabad\u00e3o de Todos<\/td>\n<td>1,3<\/td>\n<\/tr>\n<tr>\n<td>The Blacklist<\/td>\n<td>1,4<\/td>\n<\/tr>\n<tr>\n<td>SFT<\/td>\n<td>0,9<\/td>\n<\/tr>\n<tr>\n<td>BWF Telecatch<\/td>\n<td>0,5<\/td>\n<\/tr>\n<tr>\n<td>Cine Priv\u00e9: A M\u00e1quina do Prazer<\/td>\n<td>0,5<\/td>\n<\/tr>\n<tr>\n<td>Chama no Priv\u00e9<\/td>\n<td>0,5<\/td>\n<\/tr>\n<tr>\n<td>Cinema na Madrugada:\u00a0Destinos Ligados<\/td>\n<td>0,3<\/td>\n<\/tr>\n<tr>\n<td>+Info<\/td>\n<td>0,1<\/td>\n<\/tr>\n","protected":false},"excerpt":{"rendered":"A Globo levou ao ar depois do Altas Horas no \u00faltimo s\u00e1bado (11) o filme M3gan (2022), no&hellip;\n","protected":false},"author":2,"featured_media":109414,"comment_status":"","ping_status":"","sticky":false,"template":"","format":"standard","meta":{"footnotes":""},"categories":[140],"tags":[114,115,147,148,753,146,32,33,26017],"class_list":{"0":"post-109413","1":"post","2":"type-post","3":"status-publish","4":"format-standard","5":"has-post-thumbnail","7":"category-filmes","8":"tag-entertainment","9":"tag-entretenimento","10":"tag-film","11":"tag-filmes","12":"tag-globo","13":"tag-movies","14":"tag-portugal","15":"tag-pt","16":"tag-supercine"},"share_on_mastodon":{"url":"","error":""},"_links":{"self":[{"href":"https:\/\/www.europesays.com\/pt\/wp-json\/wp\/v2\/posts\/109413","targetHints":{"allow":["GET"]}}],"collection":[{"href":"https:\/\/www.europesays.com\/pt\/wp-json\/wp\/v2\/posts"}],"about":[{"href":"https:\/\/www.europesays.com\/pt\/wp-json\/wp\/v2\/types\/post"}],"author":[{"embeddable":true,"href":"https:\/\/www.europesays.com\/pt\/wp-json\/wp\/v2\/users\/2"}],"replies":[{"embeddable":true,"href":"https:\/\/www.europesays.com\/pt\/wp-json\/wp\/v2\/comments?post=109413"}],"version-history":[{"count":0,"href":"https:\/\/www.europesays.com\/pt\/wp-json\/wp\/v2\/posts\/109413\/revisions"}],"wp:featuredmedia":[{"embeddable":true,"href":"https:\/\/www.europesays.com\/pt\/wp-json\/wp\/v2\/media\/109414"}],"wp:attachment":[{"href":"https:\/\/www.europesays.com\/pt\/wp-json\/wp\/v2\/media?parent=109413"}],"wp:term":[{"taxonomy":"category","embeddable":true,"href":"https:\/\/www.europesays.com\/pt\/wp-json\/wp\/v2\/categories?post=109413"},{"taxonomy":"post_tag","embeddable":true,"href":"https:\/\/www.europesays.com\/pt\/wp-json\/wp\/v2\/tags?post=109413"}],"curies":[{"name":"wp","href":"https:\/\/api.w.org\/{rel}","templated":true}]}}