{"id":109421,"date":"2025-10-13T18:48:10","date_gmt":"2025-10-13T18:48:10","guid":{"rendered":"https:\/\/www.europesays.com\/pt\/109421\/"},"modified":"2025-10-13T18:48:10","modified_gmt":"2025-10-13T18:48:10","slug":"pesquisadores-descobrem-recife-de-corais-no-sul-da-italia-ciencia-e-tecnologia","status":"publish","type":"post","link":"https:\/\/www.europesays.com\/pt\/109421\/","title":{"rendered":"Pesquisadores descobrem recife de corais no sul da It\u00e1lia &#8211; Ci\u00eancia e Tecnologia"},"content":{"rendered":"<p>Pesquisadores descobriram um grande <a href=\"https:\/\/ansabrasil.com.br\/brasil\/noticias\/agenda_verde\/2024\/04\/17\/grande-barreira-de-corais-tem-pior-branqueamento-de-sua-historia_a728e082-57c6-4345-b118-9746163fb714.html\" target=\"_blank\" rel=\"noopener nofollow\"><strong>recife de corais<\/strong><\/a> no Golfo de N\u00e1poles, no sul da <a href=\"https:\/\/ansabrasil.com.br\/brasil\/noticias\/ultimo_momento\/2025\/10\/13\/na-italia-lula-diz-ter-excelentes-relacoes-com-trump_102ddc07-0bfe-44b7-8950-3f10f45a8cbc.html\" target=\"_blank\" rel=\"noopener nofollow\"><strong>It\u00e1lia<\/strong><\/a>, situado a cerca de 500 metros de profundidade.<\/p>\n<p>Com mais de dois metros de largura e ocupando uma parede vertical de mais de 80 metros, a barreira foi encontrada pelo navio Gaia Blu, do Conselho Nacional de Pesquisa (CNR), durante uma expedi\u00e7\u00e3o organizada pelo Instituto de Ci\u00eancias Marinhas de Bolonha.<\/p>\n<p>Pouqu\u00edssimas zonas do Mediterr\u00e2neo abrigam estruturas semelhantes, como destaca Giorgio Castellan, chefe de miss\u00e3o da campanha cient\u00edfica. &#8220;\u00c9 um achado excepcional para os mares italianos, e sua descoberta representa uma pe\u00e7a fundamental para compreender o papel ecol\u00f3gico dos habitats de corais de profundidade e sua distribui\u00e7\u00e3o, sobretudo com o objetivo de a\u00e7\u00f5es de prote\u00e7\u00e3o e recupera\u00e7\u00e3o&#8221;, explica.<\/p>\n<p>O imponente recife foi explorado gra\u00e7as a um ve\u00edculo submarino movido por controle remoto, que revelou uma comunidade \u00fanica em riqueza e biodiversidade. Segundo os pesquisadores, predominam os &#8220;corais brancos&#8221;, assim chamados pela falta de cor, pertencentes \u00e0s esp\u00e9cies &#8220;Desmophyllum pertusum&#8221; e &#8220;Madrepora oculata&#8221;, mas tamb\u00e9m h\u00e1 corais negros, corais solit\u00e1rios, esponjas e outras esp\u00e9cies, al\u00e9m de tra\u00e7os f\u00f3sseis de ostras e corais antigos.<\/p>\n<p>A estrutura localiza-se no chamado &#8216;Canyon Dohrn&#8217;, um enorme c\u00e2nion submarino que atinge cerca de 1,3 mil metros de profundidade, situado a 12 milhas n\u00e1uticas (22 quil\u00f4metros) da costa de N\u00e1poles.<\/p>\n<p>&#8220;A explora\u00e7\u00e3o desta por\u00e7\u00e3o desconhecida do Canyon Dohrn nos devolve a imagem de um ecossistema marinho profundo e de extraordin\u00e1rio interesse cient\u00edfico e valor natural\u00edstico&#8221;, afirma Frine Cardone, da Esta\u00e7\u00e3o Zool\u00f3gica Anton Dohrn, que tamb\u00e9m participou do estudo.<\/p>\n<p class=\"article-copyright\">\nTODOS OS DIREITOS RESERVADOS \u00a9 Copyright ANSA<\/p>\n","protected":false},"excerpt":{"rendered":"Pesquisadores descobriram um grande recife de corais no Golfo de N\u00e1poles, no sul da It\u00e1lia, situado a cerca&hellip;\n","protected":false},"author":2,"featured_media":109422,"comment_status":"","ping_status":"","sticky":false,"template":"","format":"standard","meta":{"footnotes":""},"categories":[84],"tags":[26022,26021,109,107,108,20965,9437,20759,233,4299,26018,2100,32,26020,33,16870,105,103,104,26019,106,110],"class_list":{"0":"post-109421","1":"post","2":"type-post","3":"status-publish","4":"format-standard","5":"has-post-thumbnail","7":"category-ciencia-e-tecnologia","8":"tag-canyon-dohrn","9":"tag-cerca","10":"tag-ciencia","11":"tag-ciencia-e-tecnologia","12":"tag-cienciaetecnologia","13":"tag-corais","14":"tag-especies","15":"tag-golfo","16":"tag-italia","17":"tag-mais","18":"tag-metros","19":"tag-napoles","20":"tag-portugal","21":"tag-profundidade","22":"tag-pt","23":"tag-recife","24":"tag-science","25":"tag-science-and-technology","26":"tag-scienceandtechnology","27":"tag-situado","28":"tag-technology","29":"tag-tecnologia"},"share_on_mastodon":{"url":"","error":""},"_links":{"self":[{"href":"https:\/\/www.europesays.com\/pt\/wp-json\/wp\/v2\/posts\/109421","targetHints":{"allow":["GET"]}}],"collection":[{"href":"https:\/\/www.europesays.com\/pt\/wp-json\/wp\/v2\/posts"}],"about":[{"href":"https:\/\/www.europesays.com\/pt\/wp-json\/wp\/v2\/types\/post"}],"author":[{"embeddable":true,"href":"https:\/\/www.europesays.com\/pt\/wp-json\/wp\/v2\/users\/2"}],"replies":[{"embeddable":true,"href":"https:\/\/www.europesays.com\/pt\/wp-json\/wp\/v2\/comments?post=109421"}],"version-history":[{"count":0,"href":"https:\/\/www.europesays.com\/pt\/wp-json\/wp\/v2\/posts\/109421\/revisions"}],"wp:featuredmedia":[{"embeddable":true,"href":"https:\/\/www.europesays.com\/pt\/wp-json\/wp\/v2\/media\/109422"}],"wp:attachment":[{"href":"https:\/\/www.europesays.com\/pt\/wp-json\/wp\/v2\/media?parent=109421"}],"wp:term":[{"taxonomy":"category","embeddable":true,"href":"https:\/\/www.europesays.com\/pt\/wp-json\/wp\/v2\/categories?post=109421"},{"taxonomy":"post_tag","embeddable":true,"href":"https:\/\/www.europesays.com\/pt\/wp-json\/wp\/v2\/tags?post=109421"}],"curies":[{"name":"wp","href":"https:\/\/api.w.org\/{rel}","templated":true}]}}