{"id":109426,"date":"2025-10-13T18:53:07","date_gmt":"2025-10-13T18:53:07","guid":{"rendered":"https:\/\/www.europesays.com\/pt\/109426\/"},"modified":"2025-10-13T18:53:07","modified_gmt":"2025-10-13T18:53:07","slug":"cabo-verde-vence-essuatini-e-marca-presenca-num-mundial-pela-primeira-vez","status":"publish","type":"post","link":"https:\/\/www.europesays.com\/pt\/109426\/","title":{"rendered":"Cabo Verde vence Essuat\u00edni e marca presen\u00e7a num Mundial pela primeira vez"},"content":{"rendered":"<p>Fez-se hist\u00f3ria em <a target=\"_blank\" class=\"editor-link autolink-enabled\" href=\"https:\/\/www.abola.pt\/futebol\/cabo-verde-2272\" data-resource-id=\"2272\" data-resource-type=\"team\" data-sport=\"football\" rel=\"nofollow noopener\">Cabo Verde<\/a>! Os Tubar\u00f5es Azuis venceram esta segunda-feira a sele\u00e7\u00e3o de Essuat\u00edni por 3-0 e garantiram a presen\u00e7a no <a class=\"autolink-enabled\" data-resource-id=\"30\" data-resource-type=\"competition\" data-sport=\"football\" href=\"https:\/\/www.abola.pt\/futebol\/competicao\/mundial-30\" rel=\"nofollow noopener\" target=\"_blank\">Mundial<\/a> 2026, a primeira presen\u00e7a dos cabo-verdianos num Campeonato do Mundo.<\/p>\n<p>O dom\u00ednio cabo-verdiano foi avassalador de in\u00edcio a fim. A equipa de Bubista estabeleceu-se no meio-campo advers\u00e1rio e, com velocidade e jogo exterior e interior, conseguiu, uma e outra vez, entrar na \u00e1rea advers\u00e1ria.<\/p>\n<p>O conjunto de Essuat\u00edni fechou com 10, soltando um jogador para a transi\u00e7\u00e3o r\u00e1pida, que nunca conseguiu dar frutos. Ryan Mendes, capit\u00e3o de equipa, caiu uma e outra vez sobre cada ala e, em zona mais central, <a target=\"_blank\" class=\"editor-link autolink-enabled\" href=\"https:\/\/www.abola.pt\/futebol\/jogador\/dailon-rocha-livramento-249329\" data-resource-id=\"249329\" data-resource-type=\"player\" data-sport=\"football\" rel=\"nofollow noopener\">Dailon Livramento<\/a> teve a melhor oportunidade do primeiro tempo, num remate de primeira que passou a cent\u00edmetros da baliza de Shabalala.<\/p>\n<p>O guardi\u00e3o de Essuat\u00edni tamb\u00e9m foi respons\u00e1vel por atrasar a festa no Est\u00e1dio Nacional de <a target=\"_blank\" class=\"editor-link autolink-enabled\" href=\"https:\/\/www.abola.pt\/futebol\/cabo-verde-2272\" data-resource-id=\"2272\" data-resource-type=\"team\" data-sport=\"football\" rel=\"nofollow noopener\">Cabo Verde<\/a>, ao agarrar um remate de Jamiro Monteiro no cora\u00e7\u00e3o da \u00e1rea e ao defender um disparo potente de Yannick Semedo de meia dist\u00e2ncia. O descanso chegava com 0-0 no marcador, um resultado que em nada se ajustava ao que havia sucedido ao longo de 45 minutos. A justi\u00e7a, contudo, n\u00e3o demoraria a chegar.<\/p>\n<p>Tr\u00eas minutos ap\u00f3s o in\u00edcio do segundo tempo come\u00e7ou a festa na Praia. Steven Moreira cruzou, <a target=\"_blank\" class=\"editor-link autolink-enabled\" href=\"https:\/\/www.abola.pt\/futebol\/jogador\/roberto-lopes-64588\" data-resource-id=\"64588\" data-resource-type=\"player\" data-sport=\"football\" rel=\"nofollow noopener\">Roberto Lopes<\/a> simulou e, no meio da confus\u00e3o, a bola sobrou para <a target=\"_blank\" class=\"editor-link autolink-enabled\" href=\"https:\/\/www.abola.pt\/futebol\/jogador\/dailon-rocha-livramento-249329\" data-resource-id=\"249329\" data-resource-type=\"player\" data-sport=\"football\" rel=\"nofollow noopener\">Dailon Livramento<\/a>, que encostou para inaugurar a contagem. Jamiro Monteiro esteve perto do 2-0 logo a seguir, mas acertou na trave e, aos 54&#8242;, Diney respondeu de cabe\u00e7a a cruzamento da direita para amortecer para <a target=\"_blank\" class=\"editor-link autolink-enabled\" href=\"https:\/\/www.abola.pt\/futebol\/jogador\/willy-semedo-183804\" data-resource-id=\"183804\" data-resource-type=\"player\" data-sport=\"football\" rel=\"nofollow noopener\">Willy Semedo<\/a>, que, na pequena \u00e1rea, encostou para o segundo.<\/p>\n<p>Com os dois golos de diferen\u00e7a, marcados de rajada, a sele\u00e7\u00e3o cabo-verdiana abrandou o ritmo e geriu a vantagem, nunca colocando em causa o controlo do jogo. A sele\u00e7\u00e3o de Essuat\u00edni pouco ou nada fez para reduzir a desvantagem e, a jogar com o cron\u00f3metro, os anfitri\u00f5es s\u00f3 tiveram de controlar a posse de bola at\u00e9 ao apito final.<\/p>\n<p>Com o controlo do jogo, Bubista lan\u00e7ou <a class=\"autolink-enabled\" data-resource-id=\"20400\" data-resource-type=\"player\" data-sport=\"football\" href=\"https:\/\/www.abola.pt\/futebol\/jogador\/ianique-stopira-20400\" rel=\"nofollow noopener\" target=\"_blank\">Stopira<\/a>, de 37 anos, que fez a 59.\u00aa internacionaliza\u00e7\u00e3o, a primeira em mais de dois anos. Foi o hist\u00f3rico da equipa que, j\u00e1 para l\u00e1 dos 90&#8242;, apareceu para fazer o 3-0 final, na recarga a remate de <a class=\"autolink-enabled\" data-resource-id=\"834\" data-resource-type=\"player\" data-sport=\"football\" href=\"https:\/\/www.abola.pt\/futebol\/jogador\/garry-rodrigues-834\" rel=\"nofollow noopener\" target=\"_blank\">Garry Rodrigues<\/a>.<\/p>\n<p>Fez-se assim a festa na ilha de Santiago. O governo de <a target=\"_blank\" class=\"editor-link autolink-enabled\" href=\"https:\/\/www.abola.pt\/futebol\/cabo-verde-2272\" data-resource-id=\"2272\" data-resource-type=\"team\" data-sport=\"football\" rel=\"nofollow noopener\">Cabo Verde<\/a> havia dado toler\u00e2ncia de ponto para que os cabo-verdianos pudessem acompanhar o momento potencialmente hist\u00f3rico e os comandados de Bubista n\u00e3o desiludiram. At\u00e9 o empate era suficiente, face \u00e0 igualdade dos <a target=\"_blank\" class=\"editor-link autolink-enabled\" href=\"https:\/\/www.abola.pt\/futebol\/camaroes-2262\" data-resource-id=\"2262\" data-resource-type=\"team\" data-sport=\"football\" rel=\"nofollow noopener\">Camar\u00f5es<\/a> (terminam em 2.\u00ba e devem seguir para o play-off de novembro, mas n\u00e3o \u00e9 ainda garantido) frente a <a target=\"_blank\" class=\"editor-link autolink-enabled\" href=\"https:\/\/www.abola.pt\/futebol\/angola-2138\" data-resource-id=\"2138\" data-resource-type=\"team\" data-sport=\"football\" rel=\"nofollow noopener\">Angola<\/a>, mas os Tubar\u00f5es Azuis n\u00e3o quiseram arriscar estarem dependentes de terceiros. <a target=\"_blank\" class=\"editor-link autolink-enabled\" href=\"https:\/\/www.abola.pt\/futebol\/cabo-verde-2272\" data-resource-id=\"2272\" data-resource-type=\"team\" data-sport=\"football\" rel=\"nofollow noopener\">Cabo Verde<\/a> venceu o jogo, venceu o grupo D da qualifica\u00e7\u00e3o africana e, pela primeira vez na hist\u00f3ria, estar\u00e1 presente num Mundial.<\/p>\n","protected":false},"excerpt":{"rendered":"Fez-se hist\u00f3ria em Cabo Verde! Os Tubar\u00f5es Azuis venceram esta segunda-feira a sele\u00e7\u00e3o de Essuat\u00edni por 3-0 e&hellip;\n","protected":false},"author":2,"featured_media":109427,"comment_status":"","ping_status":"","sticky":false,"template":"","format":"standard","meta":{"footnotes":""},"categories":[8],"tags":[27,28,15,16,14,25,26,21,22,12,13,19,20,32,23,24,33,17,18,29,30,31],"class_list":{"0":"post-109426","1":"post","2":"type-post","3":"status-publish","4":"format-standard","5":"has-post-thumbnail","7":"category-principais-noticias","8":"tag-breaking-news","9":"tag-breakingnews","10":"tag-featured-news","11":"tag-featurednews","12":"tag-headlines","13":"tag-latest-news","14":"tag-latestnews","15":"tag-main-news","16":"tag-mainnews","17":"tag-news","18":"tag-noticias","19":"tag-noticias-principais","20":"tag-noticiasprincipais","21":"tag-portugal","22":"tag-principais-noticias","23":"tag-principaisnoticias","24":"tag-pt","25":"tag-top-stories","26":"tag-topstories","27":"tag-ultimas","28":"tag-ultimas-noticias","29":"tag-ultimasnoticias"},"share_on_mastodon":{"url":"","error":""},"_links":{"self":[{"href":"https:\/\/www.europesays.com\/pt\/wp-json\/wp\/v2\/posts\/109426","targetHints":{"allow":["GET"]}}],"collection":[{"href":"https:\/\/www.europesays.com\/pt\/wp-json\/wp\/v2\/posts"}],"about":[{"href":"https:\/\/www.europesays.com\/pt\/wp-json\/wp\/v2\/types\/post"}],"author":[{"embeddable":true,"href":"https:\/\/www.europesays.com\/pt\/wp-json\/wp\/v2\/users\/2"}],"replies":[{"embeddable":true,"href":"https:\/\/www.europesays.com\/pt\/wp-json\/wp\/v2\/comments?post=109426"}],"version-history":[{"count":0,"href":"https:\/\/www.europesays.com\/pt\/wp-json\/wp\/v2\/posts\/109426\/revisions"}],"wp:featuredmedia":[{"embeddable":true,"href":"https:\/\/www.europesays.com\/pt\/wp-json\/wp\/v2\/media\/109427"}],"wp:attachment":[{"href":"https:\/\/www.europesays.com\/pt\/wp-json\/wp\/v2\/media?parent=109426"}],"wp:term":[{"taxonomy":"category","embeddable":true,"href":"https:\/\/www.europesays.com\/pt\/wp-json\/wp\/v2\/categories?post=109426"},{"taxonomy":"post_tag","embeddable":true,"href":"https:\/\/www.europesays.com\/pt\/wp-json\/wp\/v2\/tags?post=109426"}],"curies":[{"name":"wp","href":"https:\/\/api.w.org\/{rel}","templated":true}]}}